{"id":230,"date":"2018-01-17T21:14:30","date_gmt":"2018-01-17T21:14:30","guid":{"rendered":"https:\/\/redalforja.org.gt\/mediateca\/?p=230"},"modified":"2022-07-27T07:18:20","modified_gmt":"2022-07-27T07:18:20","slug":"escenario-por-la-disputa-del-territorio-documento","status":"publish","type":"post","link":"https:\/\/redalforja.org.gt\/mediateca\/2018\/01\/17\/escenario-por-la-disputa-del-territorio-documento\/","title":{"rendered":"ESCENARIO POR LA DISPUTA DEL TERRITORIO &#8211; (Documento)"},"content":{"rendered":"<p>Este texto nos invita a reflexionar sobre la profunda crisis civilizatoria. El actual modelo de civilizaci\u00f3n mundial, basado en la explotaci\u00f3n de seres humanos por otros seres humanos y en la intensa explotaci\u00f3n de la naturaleza con fines de acumulaci\u00f3n capitalista, est\u00e1 siendo cada vez m\u00e1s dif\u00edcil de sustentar.<!--more--><\/p>\n<p>Estos grupos de explotaci\u00f3n, dominaci\u00f3n y opresi\u00f3n aglutinadas en las llamadas empresas transnacionales, son quienes se enriquecen y buscan dominar el mundo, dominan el sistema financiero, las grandes industrias, el comercio, la agricultura y los bienes naturales estrat\u00e9gicos, tienen influencia en muchos gobiernos y en grupos de pa\u00edses. En nombre del progreso y el desarrollo est\u00e1n destruyendo la vida del planeta.<\/p>\n<p>\u00a0<\/p>\n\n\n<p><a href=\"https:\/\/drive.google.com\/file\/d\/1Y2aoW_q0A0ZyDwU1m9-wE_jb424xTaHq\/view?usp=sharing\">Leer documento completo\u00a0<\/a><\/p>\n","protected":false},"excerpt":{"rendered":"<p>Este texto nos invita a reflexionar sobre la profunda crisis civilizatoria. El actual modelo de civilizaci\u00f3n mundial, basado en la explotaci\u00f3n de seres humanos por otros seres humanos y en&#8230; <a href=\"https:\/\/redalforja.org.gt\/mediateca\/2018\/01\/17\/escenario-por-la-disputa-del-territorio-documento\/\">Leer m\u00e1s &raquo;<\/a><\/p>\n","protected":false},"author":3,"featured_media":231,"comment_status":"open","ping_status":"closed","sticky":false,"template":"","format":"standard","meta":[],"categories":[15,7],"tags":[],"post_mailing_queue_ids":[],"_links":{"self":[{"href":"https:\/\/redalforja.org.gt\/mediateca\/wp-json\/wp\/v2\/posts\/230"}],"collection":[{"href":"https:\/\/redalforja.org.gt\/mediateca\/wp-json\/wp\/v2\/posts"}],"about":[{"href":"https:\/\/redalforja.org.gt\/mediateca\/wp-json\/wp\/v2\/types\/post"}],"author":[{"embeddable":true,"href":"https:\/\/redalforja.org.gt\/mediateca\/wp-json\/wp\/v2\/users\/3"}],"replies":[{"embeddable":true,"href":"https:\/\/redalforja.org.gt\/mediateca\/wp-json\/wp\/v2\/comments?post=230"}],"version-history":[{"count":4,"href":"https:\/\/redalforja.org.gt\/mediateca\/wp-json\/wp\/v2\/posts\/230\/revisions"}],"predecessor-version":[{"id":1599,"href":"https:\/\/redalforja.org.gt\/mediateca\/wp-json\/wp\/v2\/posts\/230\/revisions\/1599"}],"wp:featuredmedia":[{"embeddable":true,"href":"https:\/\/redalforja.org.gt\/mediateca\/wp-json\/wp\/v2\/media\/231"}],"wp:attachment":[{"href":"https:\/\/redalforja.org.gt\/mediateca\/wp-json\/wp\/v2\/media?parent=230"}],"wp:term":[{"taxonomy":"category","embeddable":true,"href":"https:\/\/redalforja.org.gt\/mediateca\/wp-json\/wp\/v2\/categories?post=230"},{"taxonomy":"post_tag","embeddable":true,"href":"https:\/\/redalforja.org.gt\/mediateca\/wp-json\/wp\/v2\/tags?post=230"}],"curies":[{"name":"wp","href":"https:\/\/api.w.org\/{rel}","templated":true}]}}