{"id":227,"date":"2018-01-17T21:09:37","date_gmt":"2018-01-17T21:09:37","guid":{"rendered":"https:\/\/redalforja.org.gt\/mediateca\/?p=227"},"modified":"2022-07-27T07:19:29","modified_gmt":"2022-07-27T07:19:29","slug":"apuntes-para-la-realizacion-y-circulacion-de-videos-comunitarios-documento","status":"publish","type":"post","link":"https:\/\/redalforja.org.gt\/mediateca\/2018\/01\/17\/apuntes-para-la-realizacion-y-circulacion-de-videos-comunitarios-documento\/","title":{"rendered":"Aportes para la realizaci\u00f3n y circulaci\u00f3n de videos comunitarios &#8211; (Documento)"},"content":{"rendered":"<p>Cuando pensamos en los destinatarios de la presente gu\u00eda, nos enfrentamos a la diversidad y al desaf\u00edo de conectarnos para expresar, pensar, producir sentidos y problematizar juntos. Comunicar desde un proceso de producci\u00f3n de v\u00ednculos y de sentidos; participar para conectar diferentes escenarios y realidades, expresar como registro cognitivo y afectivo que atraviesa nuestras pr\u00e1cticas cotidianas.<!--more--><br \/>Nos referimos a un trabajo com\u00fan que articule un dispositivo t\u00e9cnico-pedag\u00f3gico con las diferentes identidades juveniles, el cual nos permita, desde una intencionalidad educativa, habilitar-los y habilitar-nos a que nuevos sentidos y nuevas realidades puedan crearse.<\/p>\n<p>\u00a0<\/p>\n\n\n<p><a href=\"https:\/\/drive.google.com\/file\/d\/1KZoPv52uigbhFH6HU9Xx75Q8lIHcBsOa\/view?usp=sharing\">Leer documento completo\u00a0<\/a><\/p>\n","protected":false},"excerpt":{"rendered":"<p>Cuando pensamos en los destinatarios de la presente gu\u00eda, nos enfrentamos a la diversidad y al desaf\u00edo de conectarnos para expresar, pensar, producir sentidos y problematizar juntos. Comunicar desde un&#8230; <a href=\"https:\/\/redalforja.org.gt\/mediateca\/2018\/01\/17\/apuntes-para-la-realizacion-y-circulacion-de-videos-comunitarios-documento\/\">Leer m\u00e1s &raquo;<\/a><\/p>\n","protected":false},"author":3,"featured_media":228,"comment_status":"open","ping_status":"closed","sticky":false,"template":"","format":"standard","meta":[],"categories":[18,5],"tags":[],"post_mailing_queue_ids":[],"_links":{"self":[{"href":"https:\/\/redalforja.org.gt\/mediateca\/wp-json\/wp\/v2\/posts\/227"}],"collection":[{"href":"https:\/\/redalforja.org.gt\/mediateca\/wp-json\/wp\/v2\/posts"}],"about":[{"href":"https:\/\/redalforja.org.gt\/mediateca\/wp-json\/wp\/v2\/types\/post"}],"author":[{"embeddable":true,"href":"https:\/\/redalforja.org.gt\/mediateca\/wp-json\/wp\/v2\/users\/3"}],"replies":[{"embeddable":true,"href":"https:\/\/redalforja.org.gt\/mediateca\/wp-json\/wp\/v2\/comments?post=227"}],"version-history":[{"count":5,"href":"https:\/\/redalforja.org.gt\/mediateca\/wp-json\/wp\/v2\/posts\/227\/revisions"}],"predecessor-version":[{"id":1601,"href":"https:\/\/redalforja.org.gt\/mediateca\/wp-json\/wp\/v2\/posts\/227\/revisions\/1601"}],"wp:featuredmedia":[{"embeddable":true,"href":"https:\/\/redalforja.org.gt\/mediateca\/wp-json\/wp\/v2\/media\/228"}],"wp:attachment":[{"href":"https:\/\/redalforja.org.gt\/mediateca\/wp-json\/wp\/v2\/media?parent=227"}],"wp:term":[{"taxonomy":"category","embeddable":true,"href":"https:\/\/redalforja.org.gt\/mediateca\/wp-json\/wp\/v2\/categories?post=227"},{"taxonomy":"post_tag","embeddable":true,"href":"https:\/\/redalforja.org.gt\/mediateca\/wp-json\/wp\/v2\/tags?post=227"}],"curies":[{"name":"wp","href":"https:\/\/api.w.org\/{rel}","templated":true}]}}