{"id":224,"date":"2018-01-17T20:55:23","date_gmt":"2018-01-17T20:55:23","guid":{"rendered":"https:\/\/redalforja.org.gt\/mediateca\/?p=224"},"modified":"2022-07-27T07:20:41","modified_gmt":"2022-07-27T07:20:41","slug":"mas-alla-de-las-represas-estudio-sobre-el-origen-y-actualidad-del-sector-hidroelectrico-de-el-salvador-documento","status":"publish","type":"post","link":"https:\/\/redalforja.org.gt\/mediateca\/2018\/01\/17\/mas-alla-de-las-represas-estudio-sobre-el-origen-y-actualidad-del-sector-hidroelectrico-de-el-salvador-documento\/","title":{"rendered":"M\u00e1s all\u00e1 de las Represas \u201cEstudio sobre el origen y actualidad del sector hidroel\u00e9ctrico de El Salvador\u201d &#8211; (Documento)"},"content":{"rendered":"<p>En este estudio hacemos una relaci\u00f3n entre la construcci\u00f3n de hidroel\u00e9ctricas con los modelos de desarrollo implementados en las \u00faltimas d\u00e9cadas, y c\u00f3mo esta l\u00f3gica est\u00e1 puesta en beneficio del gran capital y en detrimento de la clase trabajadora, sobre todo en las poblaciones rurales.<!--more--><br \/>El texto que presentamos a continuaci\u00f3n consiste en la realizaci\u00f3n de un estudio sobre el sector hidroel\u00e9ctrico de El Salvador. Este estudio ha tenido por objetivo: Caracterizar el sector hidroel\u00e9ctrico, dentro de la l\u00f3gica del sistema capitalista a manera de que las comunidades y movimiento antirepresa, cuenten con un insumo, que les permita identificar retos y estrategias de lucha. Como resultado de este estudio tenemos un documento escrito y digital, conteniendo lo siguiente: a) Antecedentes sobre el sector hidroel\u00e9ctrico, desde 1950 (b) caracterizaci\u00f3n del sector hidroel\u00e9ctrico en la actualidad c) Impactos del sector hidroel\u00e9ctrico desde la perspectiva de las comunidades y movimiento anti -represa d) Conclusiones.<\/p>\n<p>\u00a0<\/p>\n\n\n<p><a href=\"https:\/\/drive.google.com\/file\/d\/1SATc38BUAWlpNl3yMp1vqAp9wvOz7hxl\/view?usp=sharing\">Leer documento completo\u00a0<\/a><\/p>\n","protected":false},"excerpt":{"rendered":"<p>En este estudio hacemos una relaci\u00f3n entre la construcci\u00f3n de hidroel\u00e9ctricas con los modelos de desarrollo implementados en las \u00faltimas d\u00e9cadas, y c\u00f3mo esta l\u00f3gica est\u00e1 puesta en beneficio del&#8230; <a href=\"https:\/\/redalforja.org.gt\/mediateca\/2018\/01\/17\/mas-alla-de-las-represas-estudio-sobre-el-origen-y-actualidad-del-sector-hidroelectrico-de-el-salvador-documento\/\">Leer m\u00e1s &raquo;<\/a><\/p>\n","protected":false},"author":3,"featured_media":225,"comment_status":"open","ping_status":"closed","sticky":false,"template":"","format":"standard","meta":[],"categories":[15,7,19,5,25],"tags":[],"post_mailing_queue_ids":[],"_links":{"self":[{"href":"https:\/\/redalforja.org.gt\/mediateca\/wp-json\/wp\/v2\/posts\/224"}],"collection":[{"href":"https:\/\/redalforja.org.gt\/mediateca\/wp-json\/wp\/v2\/posts"}],"about":[{"href":"https:\/\/redalforja.org.gt\/mediateca\/wp-json\/wp\/v2\/types\/post"}],"author":[{"embeddable":true,"href":"https:\/\/redalforja.org.gt\/mediateca\/wp-json\/wp\/v2\/users\/3"}],"replies":[{"embeddable":true,"href":"https:\/\/redalforja.org.gt\/mediateca\/wp-json\/wp\/v2\/comments?post=224"}],"version-history":[{"count":4,"href":"https:\/\/redalforja.org.gt\/mediateca\/wp-json\/wp\/v2\/posts\/224\/revisions"}],"predecessor-version":[{"id":1603,"href":"https:\/\/redalforja.org.gt\/mediateca\/wp-json\/wp\/v2\/posts\/224\/revisions\/1603"}],"wp:featuredmedia":[{"embeddable":true,"href":"https:\/\/redalforja.org.gt\/mediateca\/wp-json\/wp\/v2\/media\/225"}],"wp:attachment":[{"href":"https:\/\/redalforja.org.gt\/mediateca\/wp-json\/wp\/v2\/media?parent=224"}],"wp:term":[{"taxonomy":"category","embeddable":true,"href":"https:\/\/redalforja.org.gt\/mediateca\/wp-json\/wp\/v2\/categories?post=224"},{"taxonomy":"post_tag","embeddable":true,"href":"https:\/\/redalforja.org.gt\/mediateca\/wp-json\/wp\/v2\/tags?post=224"}],"curies":[{"name":"wp","href":"https:\/\/api.w.org\/{rel}","templated":true}]}}