{"id":221,"date":"2018-01-17T20:50:31","date_gmt":"2018-01-17T20:50:31","guid":{"rendered":"https:\/\/redalforja.org.gt\/mediateca\/?p=221"},"modified":"2022-07-27T07:21:43","modified_gmt":"2022-07-27T07:21:43","slug":"metodo-de-trabajo-y-organizacion-popular-mst-brasil-documento","status":"publish","type":"post","link":"https:\/\/redalforja.org.gt\/mediateca\/2018\/01\/17\/metodo-de-trabajo-y-organizacion-popular-mst-brasil-documento\/","title":{"rendered":"M\u00e9todo de Trabajo y Organizaci\u00f3n Popular MST (Brasil) &#8211; (Documento)"},"content":{"rendered":"<p>La fuerza de cualquier organizaci\u00f3n est\u00e1 en la construcci\u00f3n colectiva, la cual se relaciona con m\u00faltiples factores, a partir de una realidad determinada, \u00a0concreta. Entre ellos podemos destacar dos que consideramos claves: por un lado, la cuesti\u00f3n de la formaci\u00f3n de la conciencia, de la organicidad de sus miembros y, por otro, la capacidad de movilizaci\u00f3n y lucha \u2013las verdaderas parteras de las transformaciones. La fuerza del pueblo est\u00e1, justamente, en su organizaci\u00f3n y su lucha. Pero la fuerza tambi\u00e9n reside en la claridad de sus objetivos, tanto inmediatos como estrat\u00e9gicos, pues es en funci\u00f3n de ellos que se construye la estructura org\u00e1nica y se definen las t\u00e1cticas y estrategias de lucha.<!--more--><\/p>\n<p>Estos objetivos, adem\u00e1s, sirven de orientaci\u00f3n para todo el proceso de formaci\u00f3n que se desarrolla en su interior. A lo cual podemos agregar que la fuerza tambi\u00e9n est\u00e1 en los valores humanistas y socialistas que cultiva y propaga la organizaci\u00f3n. La fuerza est\u00e1 en los principios \u00e9ticos y morales revolucionarios, est\u00e1 en la afectividad y solidaridad con otros sectores sociales, en la capacidad de alianzas con otras fuerzas en lucha. Sin embargo, toda esa fuerza debe ser construida tanto desde el punto de vista de la elaboraci\u00f3n te\u00f3rica, como desde el punto de vista pr\u00e1ctico.<\/p>\n<p>Vivimos en una sociedad que pr\u00e1cticamente separ\u00f3 dos aspectos que deben, desde nuestro punto de vista, ser una unidad dial\u00e9ctica. Nos referimos a la separaci\u00f3n entre los que piensan, dirigen y entre los que hacen, ejecutan. La separaci\u00f3n entre el trabajo intelectual y el trabajo manual. No podemos repetir esa pr\u00e1ctica en las organizaciones que buscamos la transformaci\u00f3n de la sociedad.<br \/>Entonces, buscando cada vez m\u00e1s la superaci\u00f3n de esa dicotom\u00eda, es que el Movimiento de los Trabajadores Rurales Sin Tierra \u2013MST\u2013 siempre se ha preocupado en articular las dos esferas. Por eso, para nuestro movimiento el estudio es fundamental. La apropiaci\u00f3n del conocimiento<br \/>cient\u00edfico, de las experiencias hist\u00f3ricas, de las estrategias de lucha, de organizaci\u00f3n y tambi\u00e9n la formaci\u00f3n pol\u00edtica, son condiciones esenciales para el avance de una organizaci\u00f3n en la cual sus miembros se transforman en sujetos pol\u00edticos con capacidad de pensar, de elaborar, de hacer.<\/p>\n<p>Lea el documento completo en el enlace que sigue:<\/p>\n\n\n<p><a href=\"https:\/\/drive.google.com\/file\/d\/14RbKXemBLwN-Pi9_9_7zdGhQVU4vW1Tb\/view?usp=sharing\">Leer documento completo\u00a0<\/a><\/p>\n","protected":false},"excerpt":{"rendered":"<p>La fuerza de cualquier organizaci\u00f3n est\u00e1 en la construcci\u00f3n colectiva, la cual se relaciona con m\u00faltiples factores, a partir de una realidad determinada, \u00a0concreta. Entre ellos podemos destacar dos que&#8230; <a href=\"https:\/\/redalforja.org.gt\/mediateca\/2018\/01\/17\/metodo-de-trabajo-y-organizacion-popular-mst-brasil-documento\/\">Leer m\u00e1s &raquo;<\/a><\/p>\n","protected":false},"author":3,"featured_media":222,"comment_status":"open","ping_status":"closed","sticky":false,"template":"","format":"standard","meta":[],"categories":[12,18,5],"tags":[],"post_mailing_queue_ids":[],"_links":{"self":[{"href":"https:\/\/redalforja.org.gt\/mediateca\/wp-json\/wp\/v2\/posts\/221"}],"collection":[{"href":"https:\/\/redalforja.org.gt\/mediateca\/wp-json\/wp\/v2\/posts"}],"about":[{"href":"https:\/\/redalforja.org.gt\/mediateca\/wp-json\/wp\/v2\/types\/post"}],"author":[{"embeddable":true,"href":"https:\/\/redalforja.org.gt\/mediateca\/wp-json\/wp\/v2\/users\/3"}],"replies":[{"embeddable":true,"href":"https:\/\/redalforja.org.gt\/mediateca\/wp-json\/wp\/v2\/comments?post=221"}],"version-history":[{"count":4,"href":"https:\/\/redalforja.org.gt\/mediateca\/wp-json\/wp\/v2\/posts\/221\/revisions"}],"predecessor-version":[{"id":1605,"href":"https:\/\/redalforja.org.gt\/mediateca\/wp-json\/wp\/v2\/posts\/221\/revisions\/1605"}],"wp:featuredmedia":[{"embeddable":true,"href":"https:\/\/redalforja.org.gt\/mediateca\/wp-json\/wp\/v2\/media\/222"}],"wp:attachment":[{"href":"https:\/\/redalforja.org.gt\/mediateca\/wp-json\/wp\/v2\/media?parent=221"}],"wp:term":[{"taxonomy":"category","embeddable":true,"href":"https:\/\/redalforja.org.gt\/mediateca\/wp-json\/wp\/v2\/categories?post=221"},{"taxonomy":"post_tag","embeddable":true,"href":"https:\/\/redalforja.org.gt\/mediateca\/wp-json\/wp\/v2\/tags?post=221"}],"curies":[{"name":"wp","href":"https:\/\/api.w.org\/{rel}","templated":true}]}}