{"id":218,"date":"2018-01-17T20:47:47","date_gmt":"2018-01-17T20:47:47","guid":{"rendered":"https:\/\/redalforja.org.gt\/mediateca\/?p=218"},"modified":"2022-07-27T07:22:44","modified_gmt":"2022-07-27T07:22:44","slug":"estrategias-sectorial-gremial-y-de-clase-documento","status":"publish","type":"post","link":"https:\/\/redalforja.org.gt\/mediateca\/2018\/01\/17\/estrategias-sectorial-gremial-y-de-clase-documento\/","title":{"rendered":"ESTRATEGIAS SECTORIAL, GREMIAL Y DE CLASE &#8211; (Documento)"},"content":{"rendered":"<p>Si tuvi\u00e9ramos que ubicarnos en lo gremial, en lo sectorial o lo clasista \u00bfd\u00f3nde nos ubicar\u00edamos? Este documento nos propone reflexionar sobre como los conceptos y categor\u00edas son importantes. Una cosa es comprender las categor\u00edas, entender los conceptos, pero otra cosa es llevarlo a la pr\u00e1ctica, es importante lo primero pero no basta si no lo ponemos en pr\u00e1ctica.<!--more--><\/p>\n<p>Es fundamental trabajar algunos conceptos, colocarlos en la discusi\u00f3n con nuestros movimientos para construir una estrategia. La pr\u00e1ctica es el criterio de la verdad. Sin lo interno de nuestras organizaciones estos conceptos no tienen validez, entonces buscamos otros conceptos, pues estamos hablando de conceptos y categor\u00edas, y estos no son dogmas.<\/p>\n<p>\u00a0<\/p>\n\n\n<p><a href=\"https:\/\/drive.google.com\/file\/d\/1MrjVF0fDR9rzcBb8Z1wdm1D_cjbca_NA\/view?usp=sharing\">Leer documento completo\u00a0<\/a><\/p>\n","protected":false},"excerpt":{"rendered":"<p>Si tuvi\u00e9ramos que ubicarnos en lo gremial, en lo sectorial o lo clasista \u00bfd\u00f3nde nos ubicar\u00edamos? Este documento nos propone reflexionar sobre como los conceptos y categor\u00edas son importantes. Una&#8230; <a href=\"https:\/\/redalforja.org.gt\/mediateca\/2018\/01\/17\/estrategias-sectorial-gremial-y-de-clase-documento\/\">Leer m\u00e1s &raquo;<\/a><\/p>\n","protected":false},"author":3,"featured_media":219,"comment_status":"open","ping_status":"closed","sticky":false,"template":"","format":"standard","meta":[],"categories":[5,14,25],"tags":[],"post_mailing_queue_ids":[],"_links":{"self":[{"href":"https:\/\/redalforja.org.gt\/mediateca\/wp-json\/wp\/v2\/posts\/218"}],"collection":[{"href":"https:\/\/redalforja.org.gt\/mediateca\/wp-json\/wp\/v2\/posts"}],"about":[{"href":"https:\/\/redalforja.org.gt\/mediateca\/wp-json\/wp\/v2\/types\/post"}],"author":[{"embeddable":true,"href":"https:\/\/redalforja.org.gt\/mediateca\/wp-json\/wp\/v2\/users\/3"}],"replies":[{"embeddable":true,"href":"https:\/\/redalforja.org.gt\/mediateca\/wp-json\/wp\/v2\/comments?post=218"}],"version-history":[{"count":4,"href":"https:\/\/redalforja.org.gt\/mediateca\/wp-json\/wp\/v2\/posts\/218\/revisions"}],"predecessor-version":[{"id":1607,"href":"https:\/\/redalforja.org.gt\/mediateca\/wp-json\/wp\/v2\/posts\/218\/revisions\/1607"}],"wp:featuredmedia":[{"embeddable":true,"href":"https:\/\/redalforja.org.gt\/mediateca\/wp-json\/wp\/v2\/media\/219"}],"wp:attachment":[{"href":"https:\/\/redalforja.org.gt\/mediateca\/wp-json\/wp\/v2\/media?parent=218"}],"wp:term":[{"taxonomy":"category","embeddable":true,"href":"https:\/\/redalforja.org.gt\/mediateca\/wp-json\/wp\/v2\/categories?post=218"},{"taxonomy":"post_tag","embeddable":true,"href":"https:\/\/redalforja.org.gt\/mediateca\/wp-json\/wp\/v2\/tags?post=218"}],"curies":[{"name":"wp","href":"https:\/\/api.w.org\/{rel}","templated":true}]}}