{"id":215,"date":"2018-01-17T20:42:57","date_gmt":"2018-01-17T20:42:57","guid":{"rendered":"https:\/\/redalforja.org.gt\/mediateca\/?p=215"},"modified":"2022-07-27T15:45:40","modified_gmt":"2022-07-27T15:45:40","slug":"centroamerica-imperialismo-y-grupos-de-poder-documento","status":"publish","type":"post","link":"https:\/\/redalforja.org.gt\/mediateca\/2018\/01\/17\/centroamerica-imperialismo-y-grupos-de-poder-documento\/","title":{"rendered":"Centroam\u00e9rica: Imperialismo y grupos de poder. &#8211; (Documento)"},"content":{"rendered":"<p>Este texto nos presenta como desde su origen, Centroam\u00e9rica nace incorporado al capitalismo mundial; si bien se van consolidando fuertes grupos de poder econ\u00f3mico en la regi\u00f3n, estos han estado subordinados a los intereses del capital transnacional.<!--more--><br \/>Pretende abordar los grupos de poder desde una perspectiva hist\u00f3rica, tomando como escenario algunos de los principales momentos en la historia de la integraci\u00f3n de la regi\u00f3n a la econom\u00eda internacional; para luego establecer algunas pautas del periodo actual.<\/p>\n<p>\u00a0<\/p>\n\n\n<p><a href=\"https:\/\/drive.google.com\/file\/d\/1QRbs6NpeRpu5LJhxvEO68Hrf8KDi_U0G\/view?usp=sharing\">Leer documento completo\u00a0<\/a><\/p>\n","protected":false},"excerpt":{"rendered":"<p>Este texto nos presenta como desde su origen, Centroam\u00e9rica nace incorporado al capitalismo mundial; si bien se van consolidando fuertes grupos de poder econ\u00f3mico en la regi\u00f3n, estos han estado&#8230; <a href=\"https:\/\/redalforja.org.gt\/mediateca\/2018\/01\/17\/centroamerica-imperialismo-y-grupos-de-poder-documento\/\">Leer m\u00e1s &raquo;<\/a><\/p>\n","protected":false},"author":3,"featured_media":216,"comment_status":"open","ping_status":"closed","sticky":false,"template":"","format":"standard","meta":[],"categories":[11,15,5],"tags":[],"post_mailing_queue_ids":[],"_links":{"self":[{"href":"https:\/\/redalforja.org.gt\/mediateca\/wp-json\/wp\/v2\/posts\/215"}],"collection":[{"href":"https:\/\/redalforja.org.gt\/mediateca\/wp-json\/wp\/v2\/posts"}],"about":[{"href":"https:\/\/redalforja.org.gt\/mediateca\/wp-json\/wp\/v2\/types\/post"}],"author":[{"embeddable":true,"href":"https:\/\/redalforja.org.gt\/mediateca\/wp-json\/wp\/v2\/users\/3"}],"replies":[{"embeddable":true,"href":"https:\/\/redalforja.org.gt\/mediateca\/wp-json\/wp\/v2\/comments?post=215"}],"version-history":[{"count":4,"href":"https:\/\/redalforja.org.gt\/mediateca\/wp-json\/wp\/v2\/posts\/215\/revisions"}],"predecessor-version":[{"id":1611,"href":"https:\/\/redalforja.org.gt\/mediateca\/wp-json\/wp\/v2\/posts\/215\/revisions\/1611"}],"wp:featuredmedia":[{"embeddable":true,"href":"https:\/\/redalforja.org.gt\/mediateca\/wp-json\/wp\/v2\/media\/216"}],"wp:attachment":[{"href":"https:\/\/redalforja.org.gt\/mediateca\/wp-json\/wp\/v2\/media?parent=215"}],"wp:term":[{"taxonomy":"category","embeddable":true,"href":"https:\/\/redalforja.org.gt\/mediateca\/wp-json\/wp\/v2\/categories?post=215"},{"taxonomy":"post_tag","embeddable":true,"href":"https:\/\/redalforja.org.gt\/mediateca\/wp-json\/wp\/v2\/tags?post=215"}],"curies":[{"name":"wp","href":"https:\/\/api.w.org\/{rel}","templated":true}]}}