{"id":211,"date":"2018-01-17T20:39:19","date_gmt":"2018-01-17T20:39:19","guid":{"rendered":"https:\/\/redalforja.org.gt\/mediateca\/?p=211"},"modified":"2022-07-27T15:46:45","modified_gmt":"2022-07-27T15:46:45","slug":"trabajo-en-la-organizacion-popular","status":"publish","type":"post","link":"https:\/\/redalforja.org.gt\/mediateca\/2018\/01\/17\/trabajo-en-la-organizacion-popular\/","title":{"rendered":"Trabajo en la organizaci\u00f3n popular &#8211; (Documento)"},"content":{"rendered":"<p>Este documento profundiza la reflexi\u00f3n sobre el proceso organizativo popular,\u00a0 un proceso que se ubica en la relaci\u00f3n entre: a) la situaci\u00f3n y coyuntura espec\u00edfica en que se vive, y b) el proyecto hist\u00f3rico en construcci\u00f3n que se quiere lograr (es decir, entre las tareas inmediatas y el objetivo final) y c) las acciones propias de la organizaci\u00f3n que se establece como base esencial para materializar sus sue\u00f1os y utop\u00edas.<!--more--><\/p>\n<p>Todo proceso organizativo tiene su ritmo particular, es decir, su propia din\u00e1mica, su movimiento, sus contradicciones, de acuerdo al sector social (campesino, estudiantil, mujeres, j\u00f3venes,iglesia, comunal, laboral-sindical, etc.) y al contexto en que se desarrolla.<\/p>\n<p>\u00a0<\/p>\n\n\n<p><a href=\"https:\/\/drive.google.com\/file\/d\/1Ns5nKBbp5Px_dX3SJ86WFpzJLbOEUQED\/view?usp=sharing\">Leer documento completo\u00a0<\/a><\/p>\n","protected":false},"excerpt":{"rendered":"<p>Este documento profundiza la reflexi\u00f3n sobre el proceso organizativo popular,\u00a0 un proceso que se ubica en la relaci\u00f3n entre: a) la situaci\u00f3n y coyuntura espec\u00edfica en que se vive, y&#8230; <a href=\"https:\/\/redalforja.org.gt\/mediateca\/2018\/01\/17\/trabajo-en-la-organizacion-popular\/\">Leer m\u00e1s &raquo;<\/a><\/p>\n","protected":false},"author":3,"featured_media":213,"comment_status":"open","ping_status":"closed","sticky":false,"template":"","format":"standard","meta":[],"categories":[5,14],"tags":[],"post_mailing_queue_ids":[],"_links":{"self":[{"href":"https:\/\/redalforja.org.gt\/mediateca\/wp-json\/wp\/v2\/posts\/211"}],"collection":[{"href":"https:\/\/redalforja.org.gt\/mediateca\/wp-json\/wp\/v2\/posts"}],"about":[{"href":"https:\/\/redalforja.org.gt\/mediateca\/wp-json\/wp\/v2\/types\/post"}],"author":[{"embeddable":true,"href":"https:\/\/redalforja.org.gt\/mediateca\/wp-json\/wp\/v2\/users\/3"}],"replies":[{"embeddable":true,"href":"https:\/\/redalforja.org.gt\/mediateca\/wp-json\/wp\/v2\/comments?post=211"}],"version-history":[{"count":4,"href":"https:\/\/redalforja.org.gt\/mediateca\/wp-json\/wp\/v2\/posts\/211\/revisions"}],"predecessor-version":[{"id":1613,"href":"https:\/\/redalforja.org.gt\/mediateca\/wp-json\/wp\/v2\/posts\/211\/revisions\/1613"}],"wp:featuredmedia":[{"embeddable":true,"href":"https:\/\/redalforja.org.gt\/mediateca\/wp-json\/wp\/v2\/media\/213"}],"wp:attachment":[{"href":"https:\/\/redalforja.org.gt\/mediateca\/wp-json\/wp\/v2\/media?parent=211"}],"wp:term":[{"taxonomy":"category","embeddable":true,"href":"https:\/\/redalforja.org.gt\/mediateca\/wp-json\/wp\/v2\/categories?post=211"},{"taxonomy":"post_tag","embeddable":true,"href":"https:\/\/redalforja.org.gt\/mediateca\/wp-json\/wp\/v2\/tags?post=211"}],"curies":[{"name":"wp","href":"https:\/\/api.w.org\/{rel}","templated":true}]}}