{"id":208,"date":"2018-01-15T04:22:50","date_gmt":"2018-01-15T04:22:50","guid":{"rendered":"https:\/\/redalforja.org.gt\/mediateca\/?p=208"},"modified":"2022-07-27T15:48:14","modified_gmt":"2022-07-27T15:48:14","slug":"las-tareas-en-los-procesos-de-formacion-politica-documento","status":"publish","type":"post","link":"https:\/\/redalforja.org.gt\/mediateca\/2018\/01\/15\/las-tareas-en-los-procesos-de-formacion-politica-documento\/","title":{"rendered":"Las tareas en los procesos de formaci\u00f3n pol\u00edtica &#8211; (Documento)"},"content":{"rendered":"<p>Este texto nos presenta la formaci\u00f3n pol\u00edtica como la puesta en com\u00fan de pr\u00e1cticas, experiencias, conocimientos y saberes que aportan a la acci\u00f3n pol\u00edtica; y como son parte integral de la organizaci\u00f3n que busca fortalecer la construcci\u00f3n de un proyecto de sociedad. Es la dimensi\u00f3n pedag\u00f3gica de la lucha por el poder, de la emancipaci\u00f3n de los pueblos si \u00e9sta es a favor de la causa popular.<!--more--><\/p>\n<p>En ese sentido, la formaci\u00f3n pol\u00edtica es parte de la estrategia de las organizaciones, no es un hecho aislado -aunque muchas veces en la pr\u00e1ctica suceda as\u00ed- y debe ser intencionado desde las organizaciones populares.<\/p>\n<p>\u00a0<\/p>\n\n\n<p><a href=\"https:\/\/drive.google.com\/file\/d\/1JIcSEAfizcG6IZ0Gcebgqz7YOxuvmDQ7\/view?usp=sharing\">Leer documento completo\u00a0<\/a><\/p>\n","protected":false},"excerpt":{"rendered":"<p>Este texto nos presenta la formaci\u00f3n pol\u00edtica como la puesta en com\u00fan de pr\u00e1cticas, experiencias, conocimientos y saberes que aportan a la acci\u00f3n pol\u00edtica; y como son parte integral de&#8230; <a href=\"https:\/\/redalforja.org.gt\/mediateca\/2018\/01\/15\/las-tareas-en-los-procesos-de-formacion-politica-documento\/\">Leer m\u00e1s &raquo;<\/a><\/p>\n","protected":false},"author":3,"featured_media":209,"comment_status":"open","ping_status":"closed","sticky":false,"template":"","format":"standard","meta":[],"categories":[12,25],"tags":[],"post_mailing_queue_ids":[],"_links":{"self":[{"href":"https:\/\/redalforja.org.gt\/mediateca\/wp-json\/wp\/v2\/posts\/208"}],"collection":[{"href":"https:\/\/redalforja.org.gt\/mediateca\/wp-json\/wp\/v2\/posts"}],"about":[{"href":"https:\/\/redalforja.org.gt\/mediateca\/wp-json\/wp\/v2\/types\/post"}],"author":[{"embeddable":true,"href":"https:\/\/redalforja.org.gt\/mediateca\/wp-json\/wp\/v2\/users\/3"}],"replies":[{"embeddable":true,"href":"https:\/\/redalforja.org.gt\/mediateca\/wp-json\/wp\/v2\/comments?post=208"}],"version-history":[{"count":4,"href":"https:\/\/redalforja.org.gt\/mediateca\/wp-json\/wp\/v2\/posts\/208\/revisions"}],"predecessor-version":[{"id":1615,"href":"https:\/\/redalforja.org.gt\/mediateca\/wp-json\/wp\/v2\/posts\/208\/revisions\/1615"}],"wp:featuredmedia":[{"embeddable":true,"href":"https:\/\/redalforja.org.gt\/mediateca\/wp-json\/wp\/v2\/media\/209"}],"wp:attachment":[{"href":"https:\/\/redalforja.org.gt\/mediateca\/wp-json\/wp\/v2\/media?parent=208"}],"wp:term":[{"taxonomy":"category","embeddable":true,"href":"https:\/\/redalforja.org.gt\/mediateca\/wp-json\/wp\/v2\/categories?post=208"},{"taxonomy":"post_tag","embeddable":true,"href":"https:\/\/redalforja.org.gt\/mediateca\/wp-json\/wp\/v2\/tags?post=208"}],"curies":[{"name":"wp","href":"https:\/\/api.w.org\/{rel}","templated":true}]}}