{"id":205,"date":"2018-01-15T04:18:12","date_gmt":"2018-01-15T04:18:12","guid":{"rendered":"https:\/\/redalforja.org.gt\/mediateca\/?p=205"},"modified":"2022-07-27T15:49:30","modified_gmt":"2022-07-27T15:49:30","slug":"nuestra-concepcion-de-educacion-popular-documento","status":"publish","type":"post","link":"https:\/\/redalforja.org.gt\/mediateca\/2018\/01\/15\/nuestra-concepcion-de-educacion-popular-documento\/","title":{"rendered":"NUESTRA CONCEPCI\u00d3N DE EDUCACI\u00d3N POPULAR &#8211; (Documento)"},"content":{"rendered":"<p>Este documento parte de reflexionar la concepci\u00f3n de la educaci\u00f3n como un proceso de traducci\u00f3n, reconstrucci\u00f3n, reproducci\u00f3n y creaci\u00f3n del conocimiento. El conocimiento presupone informaci\u00f3n, asimilaci\u00f3n y aplicaci\u00f3n pr\u00e1ctica de los conceptos, por esta raz\u00f3n nos cuestiona sobre que implicaciones tiene una educaci\u00f3n popular.<!--more--><\/p>\n<p>La educaci\u00f3n, puesta en funci\u00f3n de la causa popular, es decir a favor de un proyecto cuyo fin es acabar la explotaci\u00f3n y la opresi\u00f3n, es el conjunto de acciones en el campo del conocimiento que fortalecen los procesos que llevan a cabo las organizaciones populares. Es una pr\u00e1ctica intencionada y tiene que ver con un sistema coherente de procesos formativos para orientar las acciones en funci\u00f3n del logro de los prop\u00f3sitos de la causa popular.<\/p>\n<p>\u00a0<\/p>\n\n\n<p><a href=\"https:\/\/drive.google.com\/file\/d\/1bLFqUk2fAb0FNZwk0PvMUaN1JFHrQjLh\/view?usp=sharing\">Leer documento completo\u00a0<\/a><\/p>\n","protected":false},"excerpt":{"rendered":"<p>Este documento parte de reflexionar la concepci\u00f3n de la educaci\u00f3n como un proceso de traducci\u00f3n, reconstrucci\u00f3n, reproducci\u00f3n y creaci\u00f3n del conocimiento. El conocimiento presupone informaci\u00f3n, asimilaci\u00f3n y aplicaci\u00f3n pr\u00e1ctica de&#8230; <a href=\"https:\/\/redalforja.org.gt\/mediateca\/2018\/01\/15\/nuestra-concepcion-de-educacion-popular-documento\/\">Leer m\u00e1s &raquo;<\/a><\/p>\n","protected":false},"author":3,"featured_media":206,"comment_status":"open","ping_status":"closed","sticky":false,"template":"","format":"standard","meta":[],"categories":[6,12,25],"tags":[],"post_mailing_queue_ids":[],"_links":{"self":[{"href":"https:\/\/redalforja.org.gt\/mediateca\/wp-json\/wp\/v2\/posts\/205"}],"collection":[{"href":"https:\/\/redalforja.org.gt\/mediateca\/wp-json\/wp\/v2\/posts"}],"about":[{"href":"https:\/\/redalforja.org.gt\/mediateca\/wp-json\/wp\/v2\/types\/post"}],"author":[{"embeddable":true,"href":"https:\/\/redalforja.org.gt\/mediateca\/wp-json\/wp\/v2\/users\/3"}],"replies":[{"embeddable":true,"href":"https:\/\/redalforja.org.gt\/mediateca\/wp-json\/wp\/v2\/comments?post=205"}],"version-history":[{"count":4,"href":"https:\/\/redalforja.org.gt\/mediateca\/wp-json\/wp\/v2\/posts\/205\/revisions"}],"predecessor-version":[{"id":1617,"href":"https:\/\/redalforja.org.gt\/mediateca\/wp-json\/wp\/v2\/posts\/205\/revisions\/1617"}],"wp:featuredmedia":[{"embeddable":true,"href":"https:\/\/redalforja.org.gt\/mediateca\/wp-json\/wp\/v2\/media\/206"}],"wp:attachment":[{"href":"https:\/\/redalforja.org.gt\/mediateca\/wp-json\/wp\/v2\/media?parent=205"}],"wp:term":[{"taxonomy":"category","embeddable":true,"href":"https:\/\/redalforja.org.gt\/mediateca\/wp-json\/wp\/v2\/categories?post=205"},{"taxonomy":"post_tag","embeddable":true,"href":"https:\/\/redalforja.org.gt\/mediateca\/wp-json\/wp\/v2\/tags?post=205"}],"curies":[{"name":"wp","href":"https:\/\/api.w.org\/{rel}","templated":true}]}}