{"id":202,"date":"2018-01-15T04:11:24","date_gmt":"2018-01-15T04:11:24","guid":{"rendered":"https:\/\/redalforja.org.gt\/mediateca\/?p=202"},"modified":"2022-07-27T15:55:50","modified_gmt":"2022-07-27T15:55:50","slug":"propuesta-teorico-metodologica-para-el-analisis-documento","status":"publish","type":"post","link":"https:\/\/redalforja.org.gt\/mediateca\/2018\/01\/15\/propuesta-teorico-metodologica-para-el-analisis-documento\/","title":{"rendered":"Propuesta Te\u00f3rico Metodol\u00f3gica para el An\u00e1lisis &#8211; (Documento)"},"content":{"rendered":"<p>En esta propuesta nos expone el proceso de generaci\u00f3n de conocimiento colectivo, este sustentado en la pr\u00e1ctica social que va, de lo primario y concreto a lo profundo y abstracto. Es decir, primero captamos la realidad por los sentidos, pero no de una manera pasiva o neutral.<!--more--><\/p>\n<p>La realidad enfrentada como tal es la que nos permite tener ideas. S\u00f3lo instalados en la realidad es como logramos tener algo en la inteligencia y es as\u00ed como podemos decir algo m\u00e1s de ella.<\/p>\n<p>\u00a0<\/p>\n\n\n<p><a href=\"https:\/\/drive.google.com\/file\/d\/188-_vvkzrYswC8nJ0hthAWZoxB5qKZK-\/view?usp=sharing\">Leer documento completo<\/a><\/p>\n","protected":false},"excerpt":{"rendered":"<p>En esta propuesta nos expone el proceso de generaci\u00f3n de conocimiento colectivo, este sustentado en la pr\u00e1ctica social que va, de lo primario y concreto a lo profundo y abstracto&#8230;. <a href=\"https:\/\/redalforja.org.gt\/mediateca\/2018\/01\/15\/propuesta-teorico-metodologica-para-el-analisis-documento\/\">Leer m\u00e1s &raquo;<\/a><\/p>\n","protected":false},"author":3,"featured_media":203,"comment_status":"open","ping_status":"closed","sticky":false,"template":"","format":"standard","meta":[],"categories":[11,6],"tags":[],"post_mailing_queue_ids":[],"_links":{"self":[{"href":"https:\/\/redalforja.org.gt\/mediateca\/wp-json\/wp\/v2\/posts\/202"}],"collection":[{"href":"https:\/\/redalforja.org.gt\/mediateca\/wp-json\/wp\/v2\/posts"}],"about":[{"href":"https:\/\/redalforja.org.gt\/mediateca\/wp-json\/wp\/v2\/types\/post"}],"author":[{"embeddable":true,"href":"https:\/\/redalforja.org.gt\/mediateca\/wp-json\/wp\/v2\/users\/3"}],"replies":[{"embeddable":true,"href":"https:\/\/redalforja.org.gt\/mediateca\/wp-json\/wp\/v2\/comments?post=202"}],"version-history":[{"count":4,"href":"https:\/\/redalforja.org.gt\/mediateca\/wp-json\/wp\/v2\/posts\/202\/revisions"}],"predecessor-version":[{"id":1619,"href":"https:\/\/redalforja.org.gt\/mediateca\/wp-json\/wp\/v2\/posts\/202\/revisions\/1619"}],"wp:featuredmedia":[{"embeddable":true,"href":"https:\/\/redalforja.org.gt\/mediateca\/wp-json\/wp\/v2\/media\/203"}],"wp:attachment":[{"href":"https:\/\/redalforja.org.gt\/mediateca\/wp-json\/wp\/v2\/media?parent=202"}],"wp:term":[{"taxonomy":"category","embeddable":true,"href":"https:\/\/redalforja.org.gt\/mediateca\/wp-json\/wp\/v2\/categories?post=202"},{"taxonomy":"post_tag","embeddable":true,"href":"https:\/\/redalforja.org.gt\/mediateca\/wp-json\/wp\/v2\/tags?post=202"}],"curies":[{"name":"wp","href":"https:\/\/api.w.org\/{rel}","templated":true}]}}