{"id":199,"date":"2018-01-15T03:56:41","date_gmt":"2018-01-15T03:56:41","guid":{"rendered":"https:\/\/redalforja.org.gt\/mediateca\/?p=199"},"modified":"2022-07-27T16:00:10","modified_gmt":"2022-07-27T16:00:10","slug":"ideas-no-concluyentes-sobre-la-educacion-popular-documento","status":"publish","type":"post","link":"https:\/\/redalforja.org.gt\/mediateca\/2018\/01\/15\/ideas-no-concluyentes-sobre-la-educacion-popular-documento\/","title":{"rendered":"Ideas no concluyentes sobre la Educaci\u00f3n Popular &#8211; (Documento)"},"content":{"rendered":"<p>Este documento nos presenta una serie de argumentos que plantea la Educaci\u00f3n Popular como una propuesta pedag\u00f3gica desarrollada desde los sectores populares y enriquecidos por sus experiencias en los procesos de transformaci\u00f3n de la sociedad en un contexto condicionado.\u00a0<!--more--><\/p>\n<p>En ese sentido los modelos educativos responden a contextos e intencionalidades pol\u00edticas e ideol\u00f3gicas, no son al azar ni se dan en el vac\u00edo.<\/p>\n<p>\u00a0<\/p>\n\n\n<p><a href=\"https:\/\/drive.google.com\/file\/d\/1P-EbgtAIEg90VrLY35CWNSnjkQP5mLSl\/view?usp=sharing\">Leer documento completo\u00a0<\/a><\/p>\n\n\n\n<p><\/p>\n","protected":false},"excerpt":{"rendered":"<p>Este documento nos presenta una serie de argumentos que plantea la Educaci\u00f3n Popular como una propuesta pedag\u00f3gica desarrollada desde los sectores populares y enriquecidos por sus experiencias en los procesos&#8230; <a href=\"https:\/\/redalforja.org.gt\/mediateca\/2018\/01\/15\/ideas-no-concluyentes-sobre-la-educacion-popular-documento\/\">Leer m\u00e1s &raquo;<\/a><\/p>\n","protected":false},"author":3,"featured_media":200,"comment_status":"open","ping_status":"closed","sticky":false,"template":"","format":"standard","meta":[],"categories":[6,25],"tags":[],"post_mailing_queue_ids":[],"_links":{"self":[{"href":"https:\/\/redalforja.org.gt\/mediateca\/wp-json\/wp\/v2\/posts\/199"}],"collection":[{"href":"https:\/\/redalforja.org.gt\/mediateca\/wp-json\/wp\/v2\/posts"}],"about":[{"href":"https:\/\/redalforja.org.gt\/mediateca\/wp-json\/wp\/v2\/types\/post"}],"author":[{"embeddable":true,"href":"https:\/\/redalforja.org.gt\/mediateca\/wp-json\/wp\/v2\/users\/3"}],"replies":[{"embeddable":true,"href":"https:\/\/redalforja.org.gt\/mediateca\/wp-json\/wp\/v2\/comments?post=199"}],"version-history":[{"count":4,"href":"https:\/\/redalforja.org.gt\/mediateca\/wp-json\/wp\/v2\/posts\/199\/revisions"}],"predecessor-version":[{"id":1621,"href":"https:\/\/redalforja.org.gt\/mediateca\/wp-json\/wp\/v2\/posts\/199\/revisions\/1621"}],"wp:featuredmedia":[{"embeddable":true,"href":"https:\/\/redalforja.org.gt\/mediateca\/wp-json\/wp\/v2\/media\/200"}],"wp:attachment":[{"href":"https:\/\/redalforja.org.gt\/mediateca\/wp-json\/wp\/v2\/media?parent=199"}],"wp:term":[{"taxonomy":"category","embeddable":true,"href":"https:\/\/redalforja.org.gt\/mediateca\/wp-json\/wp\/v2\/categories?post=199"},{"taxonomy":"post_tag","embeddable":true,"href":"https:\/\/redalforja.org.gt\/mediateca\/wp-json\/wp\/v2\/tags?post=199"}],"curies":[{"name":"wp","href":"https:\/\/api.w.org\/{rel}","templated":true}]}}