{"id":196,"date":"2018-01-15T03:48:34","date_gmt":"2018-01-15T03:48:34","guid":{"rendered":"https:\/\/redalforja.org.gt\/mediateca\/?p=196"},"modified":"2022-07-27T16:02:04","modified_gmt":"2022-07-27T16:02:04","slug":"la-concepcion-metodologica-dialectica-cmd-documento","status":"publish","type":"post","link":"https:\/\/redalforja.org.gt\/mediateca\/2018\/01\/15\/la-concepcion-metodologica-dialectica-cmd-documento\/","title":{"rendered":"LA CONCEPCI\u00d3N METODOL\u00d3GICA DIAL\u00c9CTICA (CMD)  &#8211; (Documento)"},"content":{"rendered":"<p>Sin pretender agotar, ni mucho menos, un tema tan amplio, les hacemos una entrega parcial del texto de Efr\u00e9n sobre los 20 a\u00f1os de la Escuela Metodol\u00f3gica Nacional titulado \u201cSaber con Sabor\u201d. La pretensi\u00f3n es enmarcar de manera general \u2013 y esperamos que entendible \u2013 el car\u00e1cter dial\u00e9ctico que prima como concepci\u00f3n b\u00e1sica, de nuestra propuesta pedag\u00f3gico \u2013 pol\u00edtica.<\/p>\n<p>Puede descar el texto en el siguiente enlace:<\/p>\n\n\n<p><a href=\"https:\/\/drive.google.com\/file\/d\/17SenQsiHYO1X-CJTAnTVVUs7yeyu1lkk\/view?usp=sharing\">Leer documento completo\u00a0<\/a><\/p>\n\n\n\n<p><\/p>\n","protected":false},"excerpt":{"rendered":"<p>Sin pretender agotar, ni mucho menos, un tema tan amplio, les hacemos una entrega parcial del texto de Efr\u00e9n sobre los 20 a\u00f1os de la Escuela Metodol\u00f3gica Nacional titulado \u201cSaber&#8230; <a href=\"https:\/\/redalforja.org.gt\/mediateca\/2018\/01\/15\/la-concepcion-metodologica-dialectica-cmd-documento\/\">Leer m\u00e1s &raquo;<\/a><\/p>\n","protected":false},"author":3,"featured_media":198,"comment_status":"open","ping_status":"closed","sticky":false,"template":"","format":"standard","meta":[],"categories":[8],"tags":[],"post_mailing_queue_ids":[],"_links":{"self":[{"href":"https:\/\/redalforja.org.gt\/mediateca\/wp-json\/wp\/v2\/posts\/196"}],"collection":[{"href":"https:\/\/redalforja.org.gt\/mediateca\/wp-json\/wp\/v2\/posts"}],"about":[{"href":"https:\/\/redalforja.org.gt\/mediateca\/wp-json\/wp\/v2\/types\/post"}],"author":[{"embeddable":true,"href":"https:\/\/redalforja.org.gt\/mediateca\/wp-json\/wp\/v2\/users\/3"}],"replies":[{"embeddable":true,"href":"https:\/\/redalforja.org.gt\/mediateca\/wp-json\/wp\/v2\/comments?post=196"}],"version-history":[{"count":5,"href":"https:\/\/redalforja.org.gt\/mediateca\/wp-json\/wp\/v2\/posts\/196\/revisions"}],"predecessor-version":[{"id":1623,"href":"https:\/\/redalforja.org.gt\/mediateca\/wp-json\/wp\/v2\/posts\/196\/revisions\/1623"}],"wp:featuredmedia":[{"embeddable":true,"href":"https:\/\/redalforja.org.gt\/mediateca\/wp-json\/wp\/v2\/media\/198"}],"wp:attachment":[{"href":"https:\/\/redalforja.org.gt\/mediateca\/wp-json\/wp\/v2\/media?parent=196"}],"wp:term":[{"taxonomy":"category","embeddable":true,"href":"https:\/\/redalforja.org.gt\/mediateca\/wp-json\/wp\/v2\/categories?post=196"},{"taxonomy":"post_tag","embeddable":true,"href":"https:\/\/redalforja.org.gt\/mediateca\/wp-json\/wp\/v2\/tags?post=196"}],"curies":[{"name":"wp","href":"https:\/\/api.w.org\/{rel}","templated":true}]}}