{"id":190,"date":"2018-01-15T03:40:13","date_gmt":"2018-01-15T03:40:13","guid":{"rendered":"https:\/\/redalforja.org.gt\/mediateca\/?p=190"},"modified":"2022-07-27T16:04:32","modified_gmt":"2022-07-27T16:04:32","slug":"el-trabajo-en-red-tejer-complicidades-y-fortalezas-documento","status":"publish","type":"post","link":"https:\/\/redalforja.org.gt\/mediateca\/2018\/01\/15\/el-trabajo-en-red-tejer-complicidades-y-fortalezas-documento\/","title":{"rendered":"EL TRABAJO EN RED: TEJER COMPLICIDADES Y FORTALEZAS &#8211; (Documento)"},"content":{"rendered":"<p>Desde la experiencia de la red centroamericano-mexicana de educaci\u00f3n popular ALFORJA, fuimos entretejiendo complicidades y haciendo nudos con nuestras fortalezas, al punto que, sin darnos cuenta o dir\u00eda, casi sin propon\u00e9rnoslo, llegamos a tejer la Red Alforja como espacio de encuentro, trabajo conjunto y proyecci\u00f3n estrat\u00e9gica desde un formal 28 de mayo de 1981 en que le dimos nombre, hasta el d\u00eda de hoy en que la historia es demasiado larga para seguir siendo contada en este texto.<!--more--><\/p>\n<p>Desde esta pr\u00e1ctica fundante y tomando como referencia otros espacios en los que nos ha tocado participar, ofrezco el siguiente punteo de proposiciones para \u2013ojal\u00e1- animar el debate colectivo, cr\u00edtico y participativo de este foro.<\/p>\n<p>\u00a0<\/p>\n\n\n<p><a href=\"https:\/\/drive.google.com\/file\/d\/1lpcQXnpZS0JFGLWZweesct2ihAWRLzcq\/view?usp=sharing\">Leer documento completo\u00a0<\/a><\/p>\n","protected":false},"excerpt":{"rendered":"<p>Desde la experiencia de la red centroamericano-mexicana de educaci\u00f3n popular ALFORJA, fuimos entretejiendo complicidades y haciendo nudos con nuestras fortalezas, al punto que, sin darnos cuenta o dir\u00eda, casi sin&#8230; <a href=\"https:\/\/redalforja.org.gt\/mediateca\/2018\/01\/15\/el-trabajo-en-red-tejer-complicidades-y-fortalezas-documento\/\">Leer m\u00e1s &raquo;<\/a><\/p>\n","protected":false},"author":3,"featured_media":191,"comment_status":"open","ping_status":"closed","sticky":false,"template":"","format":"standard","meta":[],"categories":[6],"tags":[],"post_mailing_queue_ids":[],"_links":{"self":[{"href":"https:\/\/redalforja.org.gt\/mediateca\/wp-json\/wp\/v2\/posts\/190"}],"collection":[{"href":"https:\/\/redalforja.org.gt\/mediateca\/wp-json\/wp\/v2\/posts"}],"about":[{"href":"https:\/\/redalforja.org.gt\/mediateca\/wp-json\/wp\/v2\/types\/post"}],"author":[{"embeddable":true,"href":"https:\/\/redalforja.org.gt\/mediateca\/wp-json\/wp\/v2\/users\/3"}],"replies":[{"embeddable":true,"href":"https:\/\/redalforja.org.gt\/mediateca\/wp-json\/wp\/v2\/comments?post=190"}],"version-history":[{"count":4,"href":"https:\/\/redalforja.org.gt\/mediateca\/wp-json\/wp\/v2\/posts\/190\/revisions"}],"predecessor-version":[{"id":1627,"href":"https:\/\/redalforja.org.gt\/mediateca\/wp-json\/wp\/v2\/posts\/190\/revisions\/1627"}],"wp:featuredmedia":[{"embeddable":true,"href":"https:\/\/redalforja.org.gt\/mediateca\/wp-json\/wp\/v2\/media\/191"}],"wp:attachment":[{"href":"https:\/\/redalforja.org.gt\/mediateca\/wp-json\/wp\/v2\/media?parent=190"}],"wp:term":[{"taxonomy":"category","embeddable":true,"href":"https:\/\/redalforja.org.gt\/mediateca\/wp-json\/wp\/v2\/categories?post=190"},{"taxonomy":"post_tag","embeddable":true,"href":"https:\/\/redalforja.org.gt\/mediateca\/wp-json\/wp\/v2\/tags?post=190"}],"curies":[{"name":"wp","href":"https:\/\/api.w.org\/{rel}","templated":true}]}}