{"id":185,"date":"2018-01-15T03:33:02","date_gmt":"2018-01-15T03:33:02","guid":{"rendered":"https:\/\/redalforja.org.gt\/mediateca\/?p=185"},"modified":"2022-07-27T16:05:42","modified_gmt":"2022-07-27T16:05:42","slug":"escuela-sub-regional-de-formacion-politico-pedagogica-para-una-educacion-transformadora-de-la-coordinacion-regional-de-educacion-popular-alforja","status":"publish","type":"post","link":"https:\/\/redalforja.org.gt\/mediateca\/2018\/01\/15\/escuela-sub-regional-de-formacion-politico-pedagogica-para-una-educacion-transformadora-de-la-coordinacion-regional-de-educacion-popular-alforja\/","title":{"rendered":"Escuela Sub Regional de Formaci\u00f3n Pol\u00edtico &#8211; Pedag\u00f3gica para una Educaci\u00f3n Transformadora de la Coordinaci\u00f3n Regional de Educaci\u00f3n Popular ALFORJA &#8211; (Documento)"},"content":{"rendered":"<p>Una propuesta\u00a0 de\u00a0 talleres\u00a0 para educadoras\/es de las escuelas nacionales, para el intercambio y elaboraci\u00f3n de informaci\u00f3n te\u00f3rica e instrumentos did\u00e1cticos y la sistematizaci\u00f3n de las experiencias nacionales para mejorar la calidad pol\u00edtica y pedag\u00f3gica de las y los participantes.<!--more--><br \/>Se profundiza en algunos temas clave, problematiz\u00e1ndolos siempre desde las pr\u00e1cticas y concepciones de los\/as mismos\/as participantes, cuestionando estas, aportando nuevas teor\u00edas, para finalmente sacar conclusiones que abonan a cambios en las actitudes, visiones y pr\u00e1cticas pol\u00edticas y educativas de las\/os participantes.<br \/>En base a la misma metodolog\u00eda aplicada a lo largo de los diferentes talleres se profundiza en la metodolog\u00eda, concepci\u00f3n e instrumentos de la educaci\u00f3n popular, tratando de ejercitar algunos instrumentos, de reconocer la l\u00f3gica de los procesos de construcci\u00f3n de conocimiento articulados a procesos de acci\u00f3n pol\u00edtica.<br \/>Y finalmente se hace una recuperaci\u00f3n de toda la experiencia vivida, como un ejercicio de sistematizaci\u00f3n participativa que permite reforzar los principales aprendizajes aprendidos a lo largo de la escuela, y nos arroja luces para mejorar estos procesos de formaci\u00f3n a futuro.<\/p>\n<p>\u00a0<\/p>\n\n\n<p><a href=\"https:\/\/drive.google.com\/file\/d\/1-OoThhRQHDUO2Z0gmtvO8FUA2A377kZP\/view?usp=sharing\">Leer documento completo\u00a0\u00a0<\/a><\/p>\n","protected":false},"excerpt":{"rendered":"<p>Una propuesta\u00a0 de\u00a0 talleres\u00a0 para educadoras\/es de las escuelas nacionales, para el intercambio y elaboraci\u00f3n de informaci\u00f3n te\u00f3rica e instrumentos did\u00e1cticos y la sistematizaci\u00f3n de las experiencias nacionales para mejorar&#8230; <a href=\"https:\/\/redalforja.org.gt\/mediateca\/2018\/01\/15\/escuela-sub-regional-de-formacion-politico-pedagogica-para-una-educacion-transformadora-de-la-coordinacion-regional-de-educacion-popular-alforja\/\">Leer m\u00e1s &raquo;<\/a><\/p>\n","protected":false},"author":3,"featured_media":186,"comment_status":"open","ping_status":"closed","sticky":false,"template":"","format":"standard","meta":[],"categories":[6,12,25],"tags":[],"post_mailing_queue_ids":[],"_links":{"self":[{"href":"https:\/\/redalforja.org.gt\/mediateca\/wp-json\/wp\/v2\/posts\/185"}],"collection":[{"href":"https:\/\/redalforja.org.gt\/mediateca\/wp-json\/wp\/v2\/posts"}],"about":[{"href":"https:\/\/redalforja.org.gt\/mediateca\/wp-json\/wp\/v2\/types\/post"}],"author":[{"embeddable":true,"href":"https:\/\/redalforja.org.gt\/mediateca\/wp-json\/wp\/v2\/users\/3"}],"replies":[{"embeddable":true,"href":"https:\/\/redalforja.org.gt\/mediateca\/wp-json\/wp\/v2\/comments?post=185"}],"version-history":[{"count":6,"href":"https:\/\/redalforja.org.gt\/mediateca\/wp-json\/wp\/v2\/posts\/185\/revisions"}],"predecessor-version":[{"id":1629,"href":"https:\/\/redalforja.org.gt\/mediateca\/wp-json\/wp\/v2\/posts\/185\/revisions\/1629"}],"wp:featuredmedia":[{"embeddable":true,"href":"https:\/\/redalforja.org.gt\/mediateca\/wp-json\/wp\/v2\/media\/186"}],"wp:attachment":[{"href":"https:\/\/redalforja.org.gt\/mediateca\/wp-json\/wp\/v2\/media?parent=185"}],"wp:term":[{"taxonomy":"category","embeddable":true,"href":"https:\/\/redalforja.org.gt\/mediateca\/wp-json\/wp\/v2\/categories?post=185"},{"taxonomy":"post_tag","embeddable":true,"href":"https:\/\/redalforja.org.gt\/mediateca\/wp-json\/wp\/v2\/tags?post=185"}],"curies":[{"name":"wp","href":"https:\/\/api.w.org\/{rel}","templated":true}]}}