{"id":182,"date":"2018-01-15T03:25:25","date_gmt":"2018-01-15T03:25:25","guid":{"rendered":"https:\/\/redalforja.org.gt\/mediateca\/?p=182"},"modified":"2022-07-27T16:11:31","modified_gmt":"2022-07-27T16:11:31","slug":"la-formacion-politica-y-su-metodologia-documento","status":"publish","type":"post","link":"https:\/\/redalforja.org.gt\/mediateca\/2018\/01\/15\/la-formacion-politica-y-su-metodologia-documento\/","title":{"rendered":"La formaci\u00f3n pol\u00edtica y su metodolog\u00eda &#8211; Documento"},"content":{"rendered":"<p>En la actual coyuntura de asecho, el papel de la formaci\u00f3n pol\u00edtica desde la educaci\u00f3n popular, es m\u00e1s urgente y necesaria, en funci\u00f3n de fortalecer y reimpulsar la fuerza social en la defensa e impulso de proyectos emancipadores.\u00a0<!--more--><br \/>Los objetivos de la formaci\u00f3n pol\u00edtica desde una concepci\u00f3n de Educaci\u00f3n popular, nacen de la apuesta pol\u00edtica de emancipaci\u00f3n que se gesta en las organizaciones y movimientos populares, y responde a una necesidad concreta de construir y fortalecer permanentemente las estrategias o caminos que nos hacen posible dicha apuesta.<\/p>\n<p>\u00a0<\/p>\n\n\n<p><a href=\"https:\/\/drive.google.com\/file\/d\/1dDTelTM7YhLukHT8Huk3ogd38WY7L6vd\/view?usp=sharing\">Leer documento completo\u00a0<\/a><\/p>\n","protected":false},"excerpt":{"rendered":"<p>En la actual coyuntura de asecho, el papel de la formaci\u00f3n pol\u00edtica desde la educaci\u00f3n popular, es m\u00e1s urgente y necesaria, en funci\u00f3n de fortalecer y reimpulsar la fuerza social&#8230; <a href=\"https:\/\/redalforja.org.gt\/mediateca\/2018\/01\/15\/la-formacion-politica-y-su-metodologia-documento\/\">Leer m\u00e1s &raquo;<\/a><\/p>\n","protected":false},"author":3,"featured_media":183,"comment_status":"open","ping_status":"closed","sticky":false,"template":"","format":"standard","meta":[],"categories":[6,12,25],"tags":[],"post_mailing_queue_ids":[],"_links":{"self":[{"href":"https:\/\/redalforja.org.gt\/mediateca\/wp-json\/wp\/v2\/posts\/182"}],"collection":[{"href":"https:\/\/redalforja.org.gt\/mediateca\/wp-json\/wp\/v2\/posts"}],"about":[{"href":"https:\/\/redalforja.org.gt\/mediateca\/wp-json\/wp\/v2\/types\/post"}],"author":[{"embeddable":true,"href":"https:\/\/redalforja.org.gt\/mediateca\/wp-json\/wp\/v2\/users\/3"}],"replies":[{"embeddable":true,"href":"https:\/\/redalforja.org.gt\/mediateca\/wp-json\/wp\/v2\/comments?post=182"}],"version-history":[{"count":4,"href":"https:\/\/redalforja.org.gt\/mediateca\/wp-json\/wp\/v2\/posts\/182\/revisions"}],"predecessor-version":[{"id":1631,"href":"https:\/\/redalforja.org.gt\/mediateca\/wp-json\/wp\/v2\/posts\/182\/revisions\/1631"}],"wp:featuredmedia":[{"embeddable":true,"href":"https:\/\/redalforja.org.gt\/mediateca\/wp-json\/wp\/v2\/media\/183"}],"wp:attachment":[{"href":"https:\/\/redalforja.org.gt\/mediateca\/wp-json\/wp\/v2\/media?parent=182"}],"wp:term":[{"taxonomy":"category","embeddable":true,"href":"https:\/\/redalforja.org.gt\/mediateca\/wp-json\/wp\/v2\/categories?post=182"},{"taxonomy":"post_tag","embeddable":true,"href":"https:\/\/redalforja.org.gt\/mediateca\/wp-json\/wp\/v2\/tags?post=182"}],"curies":[{"name":"wp","href":"https:\/\/api.w.org\/{rel}","templated":true}]}}