{"id":178,"date":"2018-01-04T03:31:22","date_gmt":"2018-01-04T03:31:22","guid":{"rendered":"https:\/\/redalforja.org.gt\/mediateca\/?p=178"},"modified":"2022-07-27T16:12:34","modified_gmt":"2022-07-27T16:12:34","slug":"cinco-tesis-aventuradas-sobre-educacion-popular-en-america-latina-documento","status":"publish","type":"post","link":"https:\/\/redalforja.org.gt\/mediateca\/2018\/01\/04\/cinco-tesis-aventuradas-sobre-educacion-popular-en-america-latina-documento\/","title":{"rendered":"Cinco tesis aventuradas sobre educaci\u00f3n popular en Am\u00e9rica Latina &#8211; (Documento)"},"content":{"rendered":"<p>Este texto es una invitaci\u00f3n a la discusi\u00f3n y problematizaci\u00f3n de la Educaci\u00f3n Popular, a trav\u00e9s de 5 tesis pretender servir como insumo de reflexi\u00f3n en torno a su contenido pol\u00edtico, educativo, metodol\u00f3gico y su articulaci\u00f3n o no con otros enfoques y actores.<!--more--><\/p>\n<p>Las l\u00edneas propuestas de reflexi\u00f3n son:<\/p>\n<ol>\n<li>La educaci\u00f3n popular es una pr\u00e1ctica educativa sobrepolitizada<\/li>\n<li>En Am\u00e9rica Latina la educaci\u00f3n popular ha sido una pr\u00e1ctica educativa que fundamentalmente combina contenidos pol\u00edticos y formativos con animaci\u00f3n din\u00e1mica<\/li>\n<li>La pobreza y la ausencia de alternativas econ\u00f3micas y pol\u00edticas hacen que la vida cotidiana de la mayor\u00eda del pueblo se centre en la subsistencia<\/li>\n<li>El pecado original de la educaci\u00f3n popular fue nacer impugnando la educaci\u00f3n tradicional<\/li>\n<li>El problema mayor que tienen en com\u00fan las distintas experiencias de educaci\u00f3n popular de Am\u00e9rica es la dificultad para superar una superficialidad de fondo en sus enfoques.<\/li>\n<\/ol>\n<p>\u00a0<\/p>\n\n\n<p><a href=\"https:\/\/drive.google.com\/file\/d\/1oQ5tT_mhcX33MjebhwVjzhQv6Tlv051r\/view?usp=sharing\">Leer documento completo\u00a0<\/a><\/p>\n","protected":false},"excerpt":{"rendered":"<p>Este texto es una invitaci\u00f3n a la discusi\u00f3n y problematizaci\u00f3n de la Educaci\u00f3n Popular, a trav\u00e9s de 5 tesis pretender servir como insumo de reflexi\u00f3n en torno a su contenido&#8230; <a href=\"https:\/\/redalforja.org.gt\/mediateca\/2018\/01\/04\/cinco-tesis-aventuradas-sobre-educacion-popular-en-america-latina-documento\/\">Leer m\u00e1s &raquo;<\/a><\/p>\n","protected":false},"author":3,"featured_media":179,"comment_status":"open","ping_status":"closed","sticky":false,"template":"","format":"standard","meta":[],"categories":[6,25],"tags":[],"post_mailing_queue_ids":[],"_links":{"self":[{"href":"https:\/\/redalforja.org.gt\/mediateca\/wp-json\/wp\/v2\/posts\/178"}],"collection":[{"href":"https:\/\/redalforja.org.gt\/mediateca\/wp-json\/wp\/v2\/posts"}],"about":[{"href":"https:\/\/redalforja.org.gt\/mediateca\/wp-json\/wp\/v2\/types\/post"}],"author":[{"embeddable":true,"href":"https:\/\/redalforja.org.gt\/mediateca\/wp-json\/wp\/v2\/users\/3"}],"replies":[{"embeddable":true,"href":"https:\/\/redalforja.org.gt\/mediateca\/wp-json\/wp\/v2\/comments?post=178"}],"version-history":[{"count":4,"href":"https:\/\/redalforja.org.gt\/mediateca\/wp-json\/wp\/v2\/posts\/178\/revisions"}],"predecessor-version":[{"id":1633,"href":"https:\/\/redalforja.org.gt\/mediateca\/wp-json\/wp\/v2\/posts\/178\/revisions\/1633"}],"wp:featuredmedia":[{"embeddable":true,"href":"https:\/\/redalforja.org.gt\/mediateca\/wp-json\/wp\/v2\/media\/179"}],"wp:attachment":[{"href":"https:\/\/redalforja.org.gt\/mediateca\/wp-json\/wp\/v2\/media?parent=178"}],"wp:term":[{"taxonomy":"category","embeddable":true,"href":"https:\/\/redalforja.org.gt\/mediateca\/wp-json\/wp\/v2\/categories?post=178"},{"taxonomy":"post_tag","embeddable":true,"href":"https:\/\/redalforja.org.gt\/mediateca\/wp-json\/wp\/v2\/tags?post=178"}],"curies":[{"name":"wp","href":"https:\/\/api.w.org\/{rel}","templated":true}]}}