{"id":174,"date":"2018-01-04T03:13:56","date_gmt":"2018-01-04T03:13:56","guid":{"rendered":"https:\/\/redalforja.org.gt\/mediateca\/?p=174"},"modified":"2022-07-27T16:13:53","modified_gmt":"2022-07-27T16:13:53","slug":"la-concepcion-metodologica-dialectica-los-metodos-y-las-tecnicas-participativas-en-la-educacion-popular-documento","status":"publish","type":"post","link":"https:\/\/redalforja.org.gt\/mediateca\/2018\/01\/04\/la-concepcion-metodologica-dialectica-los-metodos-y-las-tecnicas-participativas-en-la-educacion-popular-documento\/","title":{"rendered":"La Concepci\u00f3n Metodol\u00f3gica Dial\u00e9ctica, los M\u00e9todos y las T\u00e9cnicas Participativas en la Educaci\u00f3n Popular &#8211; (Documento)"},"content":{"rendered":"<p>Esta es una exposici\u00f3n sencilla y did\u00e1ctica de los elementos esenciales de la concepci\u00f3n metodol\u00f3gica dial\u00e9ctica de la educaci\u00f3n popular, y es un documento introductorio sobre el tema.<!--more--><\/p>\n<p>Muchas veces tenemos claro qu\u00e9 queremos hacer, cu\u00e1les son las necesidades y motivaciones que justifican hacerlo e incluso los objetivos de nuestras acciones. Lo que frecuentemente nos causa mayor dificultad es definir c\u00f3mo lo vamos a realizar: c\u00f3mo alcanzar mejor nuestros objetivos; c\u00f3mo lograr trabajar adecuadamente un determinado tema o un conjunto de ellos con un grupo espec\u00edfico de personas; c\u00f3mo definir las etapas de un programa de trabajo de mediano o de largo plazo; c\u00f3mo articular los contenidos de un programa dirigido a muchas personas, con las necesidades y los ritmos individuales, etc.<\/p>\n<p>Estas y otras preocupaciones metodol\u00f3gicas, lamentablemente pretenden ser respondidas, en muchos casos, s\u00f3lo con la b\u00fasqueda de herramientas espec\u00edficas: Usando t\u00e9cnicas que hagan m\u00e1s eficaces o m\u00e1s din\u00e1micas las actividades formativas, de promoci\u00f3n o de divulgaci\u00f3n. Pero estos retos metodol\u00f3gicos no pueden ser enfrentados s\u00f3lo con t\u00e9cnicas<\/p>\n<p>\u00a0<\/p>\n\n\n<p><a href=\"https:\/\/drive.google.com\/file\/d\/11YQDwnE8Mb6oSNBnmnen1nEn3Q1IPCaw\/view?usp=sharing\">Leer documento completo\u00a0<\/a><\/p>\n\n\n\n<div class=\"wp-block-file\"><a href=\"https:\/\/redalforja.org.gt\/mediateca\/wp-content\/uploads\/2022\/02\/JARA-Oscar.-Metodologia-metodos-y-tecnicas.pdf\">JARA, Oscar. Metodologia metodos y tecnicas<\/a><a href=\"https:\/\/redalforja.org.gt\/mediateca\/wp-content\/uploads\/2022\/02\/JARA-Oscar.-Metodologia-metodos-y-tecnicas.pdf\" class=\"wp-block-file__button\" download>Descarga<\/a><\/div>\n","protected":false},"excerpt":{"rendered":"<p>Esta es una exposici\u00f3n sencilla y did\u00e1ctica de los elementos esenciales de la concepci\u00f3n metodol\u00f3gica dial\u00e9ctica de la educaci\u00f3n popular, y es un documento introductorio sobre el tema.<\/p>\n","protected":false},"author":3,"featured_media":176,"comment_status":"open","ping_status":"closed","sticky":false,"template":"","format":"standard","meta":[],"categories":[8,6],"tags":[],"post_mailing_queue_ids":[],"_links":{"self":[{"href":"https:\/\/redalforja.org.gt\/mediateca\/wp-json\/wp\/v2\/posts\/174"}],"collection":[{"href":"https:\/\/redalforja.org.gt\/mediateca\/wp-json\/wp\/v2\/posts"}],"about":[{"href":"https:\/\/redalforja.org.gt\/mediateca\/wp-json\/wp\/v2\/types\/post"}],"author":[{"embeddable":true,"href":"https:\/\/redalforja.org.gt\/mediateca\/wp-json\/wp\/v2\/users\/3"}],"replies":[{"embeddable":true,"href":"https:\/\/redalforja.org.gt\/mediateca\/wp-json\/wp\/v2\/comments?post=174"}],"version-history":[{"count":5,"href":"https:\/\/redalforja.org.gt\/mediateca\/wp-json\/wp\/v2\/posts\/174\/revisions"}],"predecessor-version":[{"id":1635,"href":"https:\/\/redalforja.org.gt\/mediateca\/wp-json\/wp\/v2\/posts\/174\/revisions\/1635"}],"wp:featuredmedia":[{"embeddable":true,"href":"https:\/\/redalforja.org.gt\/mediateca\/wp-json\/wp\/v2\/media\/176"}],"wp:attachment":[{"href":"https:\/\/redalforja.org.gt\/mediateca\/wp-json\/wp\/v2\/media?parent=174"}],"wp:term":[{"taxonomy":"category","embeddable":true,"href":"https:\/\/redalforja.org.gt\/mediateca\/wp-json\/wp\/v2\/categories?post=174"},{"taxonomy":"post_tag","embeddable":true,"href":"https:\/\/redalforja.org.gt\/mediateca\/wp-json\/wp\/v2\/tags?post=174"}],"curies":[{"name":"wp","href":"https:\/\/api.w.org\/{rel}","templated":true}]}}