{"id":1673,"date":"2022-08-31T23:52:02","date_gmt":"2022-08-31T23:52:02","guid":{"rendered":"https:\/\/redalforja.org.gt\/mediateca\/?p=1673"},"modified":"2022-08-31T23:52:04","modified_gmt":"2022-08-31T23:52:04","slug":"gobiernos-progresistas-y-el-rol-de-los-movimientos-populares","status":"publish","type":"post","link":"https:\/\/redalforja.org.gt\/mediateca\/2022\/08\/31\/gobiernos-progresistas-y-el-rol-de-los-movimientos-populares\/","title":{"rendered":"Gobiernos progresistas y el rol de los movimientos populares"},"content":{"rendered":"\n<p>Cartilla del tercer di\u00e1logo en rebeld\u00eda del 2022, sobre los \u00abGobiernos progresistas y el rol de los movimientos populares\u00bb realizado el 4 de julio; el cual\u00a0 tuvo como objetivo: Realizar un an\u00e1lisis cr\u00edtico de los alcances y limitaciones de los gobiernos progresistas y su pertinencia como una v\u00eda para configurar una fuerza popular y aprender de las experiencias, para identificar el rol de los movimientos populares en estos escenarios. <\/p>\n\n\n\n<p>Para ver el documento completo:<\/p>\n\n\n\n<p><br><\/p>\n\n\n\n<div class=\"wp-block-file\"><a href=\"https:\/\/redalforja.org.gt\/mediateca\/wp-content\/uploads\/2022\/08\/CARTILLA-DIA\u0301LOGO-EN-REBELDI\u0301A-III.pdf\" target=\"_blank\" rel=\"noreferrer noopener\">CARTILLA DIA\u0301LOGO EN REBELDI\u0301A III<\/a><\/div>\n\n\n\n<figure class=\"wp-block-image\"><img decoding=\"async\" loading=\"lazy\" width=\"1080\" height=\"1080\" src=\"https:\/\/redalforja.org.gt\/mediateca\/wp-content\/uploads\/2022\/08\/Di\u00e1logo-3-2022.jpeg\" alt=\"\" class=\"wp-image-1675\" srcset=\"https:\/\/redalforja.org.gt\/mediateca\/wp-content\/uploads\/2022\/08\/Di\u00e1logo-3-2022.jpeg 1080w, https:\/\/redalforja.org.gt\/mediateca\/wp-content\/uploads\/2022\/08\/Di\u00e1logo-3-2022-150x150.jpeg 150w, https:\/\/redalforja.org.gt\/mediateca\/wp-content\/uploads\/2022\/08\/Di\u00e1logo-3-2022-300x300.jpeg 300w, https:\/\/redalforja.org.gt\/mediateca\/wp-content\/uploads\/2022\/08\/Di\u00e1logo-3-2022-768x768.jpeg 768w, https:\/\/redalforja.org.gt\/mediateca\/wp-content\/uploads\/2022\/08\/Di\u00e1logo-3-2022-1024x1024.jpeg 1024w, https:\/\/redalforja.org.gt\/mediateca\/wp-content\/uploads\/2022\/08\/Di\u00e1logo-3-2022-624x624.jpeg 624w, https:\/\/redalforja.org.gt\/mediateca\/wp-content\/uploads\/2022\/08\/Di\u00e1logo-3-2022-180x180.jpeg 180w, https:\/\/redalforja.org.gt\/mediateca\/wp-content\/uploads\/2022\/08\/Di\u00e1logo-3-2022-60x60.jpeg 60w\" sizes=\"(max-width: 1080px) 100vw, 1080px\" \/><\/figure>\n","protected":false},"excerpt":{"rendered":"<p>Cartilla del tercer di\u00e1logo en rebeld\u00eda del 2022, sobre los \u00abGobiernos progresistas y el rol de los movimientos populares\u00bb realizado el 4 de julio; el cual\u00a0 tuvo como objetivo: Realizar&#8230; <a href=\"https:\/\/redalforja.org.gt\/mediateca\/2022\/08\/31\/gobiernos-progresistas-y-el-rol-de-los-movimientos-populares\/\">Leer m\u00e1s &raquo;<\/a><\/p>\n","protected":false},"author":3,"featured_media":1675,"comment_status":"closed","ping_status":"closed","sticky":false,"template":"","format":"standard","meta":[],"categories":[11,15,12],"tags":[45,100,102,37],"post_mailing_queue_ids":[],"_links":{"self":[{"href":"https:\/\/redalforja.org.gt\/mediateca\/wp-json\/wp\/v2\/posts\/1673"}],"collection":[{"href":"https:\/\/redalforja.org.gt\/mediateca\/wp-json\/wp\/v2\/posts"}],"about":[{"href":"https:\/\/redalforja.org.gt\/mediateca\/wp-json\/wp\/v2\/types\/post"}],"author":[{"embeddable":true,"href":"https:\/\/redalforja.org.gt\/mediateca\/wp-json\/wp\/v2\/users\/3"}],"replies":[{"embeddable":true,"href":"https:\/\/redalforja.org.gt\/mediateca\/wp-json\/wp\/v2\/comments?post=1673"}],"version-history":[{"count":1,"href":"https:\/\/redalforja.org.gt\/mediateca\/wp-json\/wp\/v2\/posts\/1673\/revisions"}],"predecessor-version":[{"id":1676,"href":"https:\/\/redalforja.org.gt\/mediateca\/wp-json\/wp\/v2\/posts\/1673\/revisions\/1676"}],"wp:featuredmedia":[{"embeddable":true,"href":"https:\/\/redalforja.org.gt\/mediateca\/wp-json\/wp\/v2\/media\/1675"}],"wp:attachment":[{"href":"https:\/\/redalforja.org.gt\/mediateca\/wp-json\/wp\/v2\/media?parent=1673"}],"wp:term":[{"taxonomy":"category","embeddable":true,"href":"https:\/\/redalforja.org.gt\/mediateca\/wp-json\/wp\/v2\/categories?post=1673"},{"taxonomy":"post_tag","embeddable":true,"href":"https:\/\/redalforja.org.gt\/mediateca\/wp-json\/wp\/v2\/tags?post=1673"}],"curies":[{"name":"wp","href":"https:\/\/api.w.org\/{rel}","templated":true}]}}