{"id":1669,"date":"2022-08-06T04:26:29","date_gmt":"2022-08-06T04:26:29","guid":{"rendered":"https:\/\/redalforja.org.gt\/mediateca\/?p=1669"},"modified":"2022-09-20T21:58:48","modified_gmt":"2022-09-20T21:58:48","slug":"memoria-escuela-mesoamericana-i-2021-2","status":"publish","type":"post","link":"https:\/\/redalforja.org.gt\/mediateca\/2022\/08\/06\/memoria-escuela-mesoamericana-i-2021-2\/","title":{"rendered":"Memoria Escuela Mesoamericana I 2022"},"content":{"rendered":"\n<figure class=\"wp-block-image is-resized\"><img decoding=\"async\" loading=\"lazy\" src=\"https:\/\/redalforja.org.gt\/mediateca\/wp-content\/uploads\/2022\/08\/Amarillo-y-Rojo-Grunge-Ilustraci\u00f3n-Arte-Portada-de-Libro.jpg\" alt=\"\" class=\"wp-image-1670\" width=\"160\" height=\"255\" srcset=\"https:\/\/redalforja.org.gt\/mediateca\/wp-content\/uploads\/2022\/08\/Amarillo-y-Rojo-Grunge-Ilustraci\u00f3n-Arte-Portada-de-Libro.jpg 1410w, https:\/\/redalforja.org.gt\/mediateca\/wp-content\/uploads\/2022\/08\/Amarillo-y-Rojo-Grunge-Ilustraci\u00f3n-Arte-Portada-de-Libro-188x300.jpg 188w, https:\/\/redalforja.org.gt\/mediateca\/wp-content\/uploads\/2022\/08\/Amarillo-y-Rojo-Grunge-Ilustraci\u00f3n-Arte-Portada-de-Libro-768x1226.jpg 768w, https:\/\/redalforja.org.gt\/mediateca\/wp-content\/uploads\/2022\/08\/Amarillo-y-Rojo-Grunge-Ilustraci\u00f3n-Arte-Portada-de-Libro-642x1024.jpg 642w, https:\/\/redalforja.org.gt\/mediateca\/wp-content\/uploads\/2022\/08\/Amarillo-y-Rojo-Grunge-Ilustraci\u00f3n-Arte-Portada-de-Libro-624x996.jpg 624w\" sizes=\"(max-width: 160px) 100vw, 160px\" \/><\/figure>\n\n\n\n<p>Memoria del Primer M\u00f3dulo de la Escuela\nMesoamericana en Movimiento del a\u00f1o 2022 realizado los d\u00edas 15 y 16 de Julio.<\/p>\n\n\n\n<p>Esta producci\u00f3n textual es un esfuerzo\ncolectivo, construida por los<br>\naportes de las y los participantes de la Escuela y\ndel Equipo de Formaci\u00f3n de la Red de Educaci\u00f3n Popular Alforja.<\/p>\n\n\n\n<p><a href=\"https:\/\/drive.google.com\/file\/d\/1qmWVrOToY3xRvZUXYXk1U7HmikTCLotP\/view?usp=sharing\">Leer documento completo&nbsp;<\/a><\/p>\n","protected":false},"excerpt":{"rendered":"<p>Memoria del Primer M\u00f3dulo de la Escuela Mesoamericana en Movimiento del a\u00f1o 2022 realizado los d\u00edas 15 y 16 de Julio. Esta producci\u00f3n textual es un esfuerzo colectivo, construida por&#8230; <a href=\"https:\/\/redalforja.org.gt\/mediateca\/2022\/08\/06\/memoria-escuela-mesoamericana-i-2021-2\/\">Leer m\u00e1s &raquo;<\/a><\/p>\n","protected":false},"author":3,"featured_media":1666,"comment_status":"closed","ping_status":"closed","sticky":false,"template":"","format":"standard","meta":[],"categories":[13,6,34,25],"tags":[103,37],"post_mailing_queue_ids":[],"_links":{"self":[{"href":"https:\/\/redalforja.org.gt\/mediateca\/wp-json\/wp\/v2\/posts\/1669"}],"collection":[{"href":"https:\/\/redalforja.org.gt\/mediateca\/wp-json\/wp\/v2\/posts"}],"about":[{"href":"https:\/\/redalforja.org.gt\/mediateca\/wp-json\/wp\/v2\/types\/post"}],"author":[{"embeddable":true,"href":"https:\/\/redalforja.org.gt\/mediateca\/wp-json\/wp\/v2\/users\/3"}],"replies":[{"embeddable":true,"href":"https:\/\/redalforja.org.gt\/mediateca\/wp-json\/wp\/v2\/comments?post=1669"}],"version-history":[{"count":4,"href":"https:\/\/redalforja.org.gt\/mediateca\/wp-json\/wp\/v2\/posts\/1669\/revisions"}],"predecessor-version":[{"id":1685,"href":"https:\/\/redalforja.org.gt\/mediateca\/wp-json\/wp\/v2\/posts\/1669\/revisions\/1685"}],"wp:featuredmedia":[{"embeddable":true,"href":"https:\/\/redalforja.org.gt\/mediateca\/wp-json\/wp\/v2\/media\/1666"}],"wp:attachment":[{"href":"https:\/\/redalforja.org.gt\/mediateca\/wp-json\/wp\/v2\/media?parent=1669"}],"wp:term":[{"taxonomy":"category","embeddable":true,"href":"https:\/\/redalforja.org.gt\/mediateca\/wp-json\/wp\/v2\/categories?post=1669"},{"taxonomy":"post_tag","embeddable":true,"href":"https:\/\/redalforja.org.gt\/mediateca\/wp-json\/wp\/v2\/tags?post=1669"}],"curies":[{"name":"wp","href":"https:\/\/api.w.org\/{rel}","templated":true}]}}