{"id":166,"date":"2017-12-13T20:33:59","date_gmt":"2017-12-13T20:33:59","guid":{"rendered":"https:\/\/redalforja.org.gt\/mediateca\/?p=166"},"modified":"2022-07-27T16:16:28","modified_gmt":"2022-07-27T16:16:28","slug":"de-nuestras-concepciones-dialecticas-y-sistemicas-documento","status":"publish","type":"post","link":"https:\/\/redalforja.org.gt\/mediateca\/2017\/12\/13\/de-nuestras-concepciones-dialecticas-y-sistemicas-documento\/","title":{"rendered":"DE NUESTRAS CONCEPCIONES DIAL\u00c9CTICAS Y\u2026 \u00bfSIST\u00c9MICAS? (Documento)"},"content":{"rendered":"<p>Este documento plantea los desaf\u00edos que enfrenta la Concepci\u00f3n Metodol\u00f3gica Dial\u00e9ctica (CMD),\u00a0 su forma estrat\u00e9gica de hacer las cosas en coherencia con la realidad, con la relaci\u00f3n dial\u00e9ctica permanente entre las pr\u00e1cticas, las teor\u00edas, las concepciones, los sentimientos, las motivaciones de los sujetos y del contexto. \u201dEl abordaje metodol\u00f3gico planteado en nuestra propuesta est\u00e1 acorde a esta visi\u00f3n dial\u00e9ctica, no s\u00f3lo entendida en sus formulaciones te\u00f3ricas, sino en su tratamiento pedag\u00f3gico y did\u00e1ctico: no hablar de la dial\u00e9ctica sino proceder dial\u00e9cticamente\u201d (IMDEC).<\/p>\n<p><!--more--><\/p>\n<p>\u00bfPodr\u00e1 ser la\u00a0 CMD una categor\u00eda cambiante y transformadora en si misma gracias a su calificaci\u00f3n dial\u00e9ctica? \u00bfO tendremos que reinventar o agregarle otras?<br \/>\u00bfHasta qu\u00e9 punto la CMD es un paradigma de Alforja que lleva en s\u00ed mismo la posibilidad inagotable de construir nuevos paradigmas y transformar los viejos?<\/p>\n<p>\u00a0<\/p>\n\n\n<p><a href=\"https:\/\/drive.google.com\/file\/d\/1_i1VBDfsx7LJV-53TrPsPGP-izjN32Ev\/view?usp=sharing\">Leer documento completo\u00a0<\/a><\/p>\n","protected":false},"excerpt":{"rendered":"<p>Este documento plantea los desaf\u00edos que enfrenta la Concepci\u00f3n Metodol\u00f3gica Dial\u00e9ctica (CMD),\u00a0 su forma estrat\u00e9gica de hacer las cosas en coherencia con la realidad, con la relaci\u00f3n dial\u00e9ctica permanente entre&#8230; <a href=\"https:\/\/redalforja.org.gt\/mediateca\/2017\/12\/13\/de-nuestras-concepciones-dialecticas-y-sistemicas-documento\/\">Leer m\u00e1s &raquo;<\/a><\/p>\n","protected":false},"author":3,"featured_media":169,"comment_status":"open","ping_status":"closed","sticky":false,"template":"","format":"standard","meta":[],"categories":[8],"tags":[],"post_mailing_queue_ids":[],"_links":{"self":[{"href":"https:\/\/redalforja.org.gt\/mediateca\/wp-json\/wp\/v2\/posts\/166"}],"collection":[{"href":"https:\/\/redalforja.org.gt\/mediateca\/wp-json\/wp\/v2\/posts"}],"about":[{"href":"https:\/\/redalforja.org.gt\/mediateca\/wp-json\/wp\/v2\/types\/post"}],"author":[{"embeddable":true,"href":"https:\/\/redalforja.org.gt\/mediateca\/wp-json\/wp\/v2\/users\/3"}],"replies":[{"embeddable":true,"href":"https:\/\/redalforja.org.gt\/mediateca\/wp-json\/wp\/v2\/comments?post=166"}],"version-history":[{"count":4,"href":"https:\/\/redalforja.org.gt\/mediateca\/wp-json\/wp\/v2\/posts\/166\/revisions"}],"predecessor-version":[{"id":1639,"href":"https:\/\/redalforja.org.gt\/mediateca\/wp-json\/wp\/v2\/posts\/166\/revisions\/1639"}],"wp:featuredmedia":[{"embeddable":true,"href":"https:\/\/redalforja.org.gt\/mediateca\/wp-json\/wp\/v2\/media\/169"}],"wp:attachment":[{"href":"https:\/\/redalforja.org.gt\/mediateca\/wp-json\/wp\/v2\/media?parent=166"}],"wp:term":[{"taxonomy":"category","embeddable":true,"href":"https:\/\/redalforja.org.gt\/mediateca\/wp-json\/wp\/v2\/categories?post=166"},{"taxonomy":"post_tag","embeddable":true,"href":"https:\/\/redalforja.org.gt\/mediateca\/wp-json\/wp\/v2\/tags?post=166"}],"curies":[{"name":"wp","href":"https:\/\/api.w.org\/{rel}","templated":true}]}}