{"id":161,"date":"2017-12-11T20:06:55","date_gmt":"2017-12-11T20:06:55","guid":{"rendered":"https:\/\/redalforja.org.gt\/mediateca\/?p=161"},"modified":"2022-07-27T16:17:54","modified_gmt":"2022-07-27T16:17:54","slug":"el-rol-del-coordinador-promotor-yo-educador-documento","status":"publish","type":"post","link":"https:\/\/redalforja.org.gt\/mediateca\/2017\/12\/11\/el-rol-del-coordinador-promotor-yo-educador-documento\/","title":{"rendered":"EL ROL DEL COORDINADOR, PROMOTOR Y\/O EDUCADOR (documento)"},"content":{"rendered":"<p>El rol del coordinador, promotor y\/o educador \u00bfDebe existir, o no? \u00bfCu\u00e1l es rol y sus caracter\u00edsticas? A la primera pregunta, no daremos m\u00e1s tratamiento que el que se deriva de los hechos y que da origen a un documento como este.<!--more--><br \/>De hecho, en la pr\u00e1ctica real en toda Am\u00e9rica Latina, el llamado\u201cagente externo\u201d ha existido y existe.<br \/>En ocasiones ha jugado el papel preponderante de promotor; en otras, de asesor; en algunas m\u00e1s, de educador. Yo dir\u00eda que en realidad, todos hacemos un poco de todo, de acuerdo a las circunstancias y a las diversas realidades y coyunturas.<\/p>\n<p>\u00a0<\/p>\n\n\n<p><a href=\"https:\/\/drive.google.com\/file\/d\/1gxBdQmcciJurrz2xeaudl7VdviwV8FP3\/view?usp=sharing\">Leer documento completo\u00a0<\/a><\/p>\n","protected":false},"excerpt":{"rendered":"<p>El rol del coordinador, promotor y\/o educador \u00bfDebe existir, o no? \u00bfCu\u00e1l es rol y sus caracter\u00edsticas? A la primera pregunta, no daremos m\u00e1s tratamiento que el que se deriva&#8230; <a href=\"https:\/\/redalforja.org.gt\/mediateca\/2017\/12\/11\/el-rol-del-coordinador-promotor-yo-educador-documento\/\">Leer m\u00e1s &raquo;<\/a><\/p>\n","protected":false},"author":3,"featured_media":164,"comment_status":"open","ping_status":"closed","sticky":false,"template":"","format":"standard","meta":[],"categories":[6],"tags":[],"post_mailing_queue_ids":[],"_links":{"self":[{"href":"https:\/\/redalforja.org.gt\/mediateca\/wp-json\/wp\/v2\/posts\/161"}],"collection":[{"href":"https:\/\/redalforja.org.gt\/mediateca\/wp-json\/wp\/v2\/posts"}],"about":[{"href":"https:\/\/redalforja.org.gt\/mediateca\/wp-json\/wp\/v2\/types\/post"}],"author":[{"embeddable":true,"href":"https:\/\/redalforja.org.gt\/mediateca\/wp-json\/wp\/v2\/users\/3"}],"replies":[{"embeddable":true,"href":"https:\/\/redalforja.org.gt\/mediateca\/wp-json\/wp\/v2\/comments?post=161"}],"version-history":[{"count":5,"href":"https:\/\/redalforja.org.gt\/mediateca\/wp-json\/wp\/v2\/posts\/161\/revisions"}],"predecessor-version":[{"id":1641,"href":"https:\/\/redalforja.org.gt\/mediateca\/wp-json\/wp\/v2\/posts\/161\/revisions\/1641"}],"wp:featuredmedia":[{"embeddable":true,"href":"https:\/\/redalforja.org.gt\/mediateca\/wp-json\/wp\/v2\/media\/164"}],"wp:attachment":[{"href":"https:\/\/redalforja.org.gt\/mediateca\/wp-json\/wp\/v2\/media?parent=161"}],"wp:term":[{"taxonomy":"category","embeddable":true,"href":"https:\/\/redalforja.org.gt\/mediateca\/wp-json\/wp\/v2\/categories?post=161"},{"taxonomy":"post_tag","embeddable":true,"href":"https:\/\/redalforja.org.gt\/mediateca\/wp-json\/wp\/v2\/tags?post=161"}],"curies":[{"name":"wp","href":"https:\/\/api.w.org\/{rel}","templated":true}]}}