{"id":1227,"date":"2022-05-17T13:38:10","date_gmt":"2022-05-17T13:38:10","guid":{"rendered":"https:\/\/redalforja.org.gt\/mediateca\/?p=1227"},"modified":"2022-07-27T20:49:30","modified_gmt":"2022-07-27T20:49:30","slug":"el-significado-de-ser-hombre","status":"publish","type":"post","link":"https:\/\/redalforja.org.gt\/mediateca\/2022\/05\/17\/el-significado-de-ser-hombre\/","title":{"rendered":"El significado de ser hombre"},"content":{"rendered":"\n<p>La elaboraci\u00f3n de esta propuesta metodol\u00f3gica es producto de un esfuerzo de CANTERA , con la colaboraci\u00f3n del Grupo de Hombres Contra la Violencia de Managua (GHCV). Partiendo de la experiencia metodol\u00f3gica acumulada en los cursos de masculinidad y educaci\u00f3n popular de CANTERA y las capacitaciones impartidas por miembros del GHCV a lo largo de varios a\u00f1os, se form\u00f3, en marzo de 1997, una comisi\u00f3n integrada por 6 hombres (todos miembros del GHCVy vinculados a los organismos arriba mencionados) con el objetivo de planificar, ejecutar y evaluar en conjunto procesos de capacitaci\u00f3n con grupos de j\u00f3venes en distintas partes de Nicaragua y de diferentes procedencias.<\/p>\n\n\n\n<p><a href=\"https:\/\/drive.google.com\/file\/d\/1BX7uwe0GHuxa9umCQGAD2y0gdBDBcX9D\/view?usp=sharing\">Para ver el documento completo:<\/a><br><\/p>\n\n\n\n<p><\/p>\n","protected":false},"excerpt":{"rendered":"<p>La elaboraci\u00f3n de esta propuesta metodol\u00f3gica es producto de un esfuerzo de CANTERA , con la colaboraci\u00f3n del Grupo de Hombres Contra la Violencia de Managua (GHCV). Partiendo de la&#8230; <a href=\"https:\/\/redalforja.org.gt\/mediateca\/2022\/05\/17\/el-significado-de-ser-hombre\/\">Leer m\u00e1s &raquo;<\/a><\/p>\n","protected":false},"author":3,"featured_media":1343,"comment_status":"closed","ping_status":"closed","sticky":false,"template":"","format":"standard","meta":[],"categories":[26,80,18],"tags":[81,17],"post_mailing_queue_ids":[],"_links":{"self":[{"href":"https:\/\/redalforja.org.gt\/mediateca\/wp-json\/wp\/v2\/posts\/1227"}],"collection":[{"href":"https:\/\/redalforja.org.gt\/mediateca\/wp-json\/wp\/v2\/posts"}],"about":[{"href":"https:\/\/redalforja.org.gt\/mediateca\/wp-json\/wp\/v2\/types\/post"}],"author":[{"embeddable":true,"href":"https:\/\/redalforja.org.gt\/mediateca\/wp-json\/wp\/v2\/users\/3"}],"replies":[{"embeddable":true,"href":"https:\/\/redalforja.org.gt\/mediateca\/wp-json\/wp\/v2\/comments?post=1227"}],"version-history":[{"count":8,"href":"https:\/\/redalforja.org.gt\/mediateca\/wp-json\/wp\/v2\/posts\/1227\/revisions"}],"predecessor-version":[{"id":1362,"href":"https:\/\/redalforja.org.gt\/mediateca\/wp-json\/wp\/v2\/posts\/1227\/revisions\/1362"}],"wp:featuredmedia":[{"embeddable":true,"href":"https:\/\/redalforja.org.gt\/mediateca\/wp-json\/wp\/v2\/media\/1343"}],"wp:attachment":[{"href":"https:\/\/redalforja.org.gt\/mediateca\/wp-json\/wp\/v2\/media?parent=1227"}],"wp:term":[{"taxonomy":"category","embeddable":true,"href":"https:\/\/redalforja.org.gt\/mediateca\/wp-json\/wp\/v2\/categories?post=1227"},{"taxonomy":"post_tag","embeddable":true,"href":"https:\/\/redalforja.org.gt\/mediateca\/wp-json\/wp\/v2\/tags?post=1227"}],"curies":[{"name":"wp","href":"https:\/\/api.w.org\/{rel}","templated":true}]}}