{"id":1223,"date":"2022-05-16T20:59:37","date_gmt":"2022-05-16T20:59:37","guid":{"rendered":"https:\/\/redalforja.org.gt\/mediateca\/?p=1223"},"modified":"2022-07-26T22:08:32","modified_gmt":"2022-07-26T22:08:32","slug":"tecnicas-participativas-para-la-educacion-popular-2","status":"publish","type":"post","link":"https:\/\/redalforja.org.gt\/mediateca\/2022\/05\/16\/tecnicas-participativas-para-la-educacion-popular-2\/","title":{"rendered":"T\u00e9cnicas participativas para la educaci\u00f3n popular 2"},"content":{"rendered":"\n<p>Despu\u00e9s de la publicaci\u00f3n de la primera edici\u00f3n del primer tomo  de T\u00e9cnicas participativas para la educaci\u00f3n popularen 1984, se lleg\u00f3 a publicar en 1988, el segundo con t\u00e9cnicas para el an\u00e1lisis estructural, econ\u00f3mico, pol\u00edtico e ideol\u00f3gico, por lo cual este libro es una herramienta para los sectores populares para que sean ellos mismos quienes de forma participativa y dentro de un proceso educativo-formativo, puedan realizar sus propios an\u00e1lisis.<\/p>\n\n\n\n<p><strong><a href=\"https:\/\/drive.google.com\/file\/d\/1shmDHZaUhCGhqt9ogKHAGTgHVDcZk-m1\/view?usp=sharing\">Para ver el documento completo:<\/a><\/strong><br><\/p>\n","protected":false},"excerpt":{"rendered":"<p>Despu\u00e9s de la publicaci\u00f3n de la primera edici\u00f3n del primer tomo de T\u00e9cnicas participativas para la educaci\u00f3n popularen 1984, se lleg\u00f3 a publicar en 1988, el segundo con t\u00e9cnicas para&#8230; <a href=\"https:\/\/redalforja.org.gt\/mediateca\/2022\/05\/16\/tecnicas-participativas-para-la-educacion-popular-2\/\">Leer m\u00e1s &raquo;<\/a><\/p>\n","protected":false},"author":3,"featured_media":1225,"comment_status":"closed","ping_status":"closed","sticky":false,"template":"","format":"standard","meta":[],"categories":[6,25,40],"tags":[33,37,38],"post_mailing_queue_ids":[],"_links":{"self":[{"href":"https:\/\/redalforja.org.gt\/mediateca\/wp-json\/wp\/v2\/posts\/1223"}],"collection":[{"href":"https:\/\/redalforja.org.gt\/mediateca\/wp-json\/wp\/v2\/posts"}],"about":[{"href":"https:\/\/redalforja.org.gt\/mediateca\/wp-json\/wp\/v2\/types\/post"}],"author":[{"embeddable":true,"href":"https:\/\/redalforja.org.gt\/mediateca\/wp-json\/wp\/v2\/users\/3"}],"replies":[{"embeddable":true,"href":"https:\/\/redalforja.org.gt\/mediateca\/wp-json\/wp\/v2\/comments?post=1223"}],"version-history":[{"count":4,"href":"https:\/\/redalforja.org.gt\/mediateca\/wp-json\/wp\/v2\/posts\/1223\/revisions"}],"predecessor-version":[{"id":1365,"href":"https:\/\/redalforja.org.gt\/mediateca\/wp-json\/wp\/v2\/posts\/1223\/revisions\/1365"}],"wp:featuredmedia":[{"embeddable":true,"href":"https:\/\/redalforja.org.gt\/mediateca\/wp-json\/wp\/v2\/media\/1225"}],"wp:attachment":[{"href":"https:\/\/redalforja.org.gt\/mediateca\/wp-json\/wp\/v2\/media?parent=1223"}],"wp:term":[{"taxonomy":"category","embeddable":true,"href":"https:\/\/redalforja.org.gt\/mediateca\/wp-json\/wp\/v2\/categories?post=1223"},{"taxonomy":"post_tag","embeddable":true,"href":"https:\/\/redalforja.org.gt\/mediateca\/wp-json\/wp\/v2\/tags?post=1223"}],"curies":[{"name":"wp","href":"https:\/\/api.w.org\/{rel}","templated":true}]}}