{"id":1219,"date":"2022-05-16T20:49:31","date_gmt":"2022-05-16T20:49:31","guid":{"rendered":"https:\/\/redalforja.org.gt\/mediateca\/?p=1219"},"modified":"2022-07-26T22:12:06","modified_gmt":"2022-07-26T22:12:06","slug":"tecnicas-participativas-para-la-educacion-popular-1","status":"publish","type":"post","link":"https:\/\/redalforja.org.gt\/mediateca\/2022\/05\/16\/tecnicas-participativas-para-la-educacion-popular-1\/","title":{"rendered":"T\u00e9cnicas participativas para la educaci\u00f3n popular 1"},"content":{"rendered":"\n<p>El libro de T\u00e9cnicas participativas para la eduaci\u00f3n popular Tomo 1 se propone contribuir con un aporte con un aporte did\u00e1ctico a fortalecer la participaci\u00f3n de las personas en los procesos educativos, a\u00fan sabiendo que las t\u00e9cnicas educativas -por s\u00ed mismas- no generan la participaci\u00f3n. Dejamos en sus manos esta herramienta que confiamos le dar\u00e1n el mejor de los procesos educativos liberadores que impulsa.<\/p>\n\n\n\n<p><strong><a href=\"https:\/\/drive.google.com\/file\/d\/182E3Ev4D4ydMz-XI-hJZLdcDb5pZKkDL\/view?usp=sharing\">Para ver el documento completo:<\/a><\/strong><br><\/p>\n","protected":false},"excerpt":{"rendered":"<p>El libro de T\u00e9cnicas participativas para la eduaci\u00f3n popular Tomo 1 se propone contribuir con un aporte con un aporte did\u00e1ctico a fortalecer la participaci\u00f3n de las personas en los&#8230; <a href=\"https:\/\/redalforja.org.gt\/mediateca\/2022\/05\/16\/tecnicas-participativas-para-la-educacion-popular-1\/\">Leer m\u00e1s &raquo;<\/a><\/p>\n","protected":false},"author":3,"featured_media":1221,"comment_status":"closed","ping_status":"closed","sticky":false,"template":"","format":"standard","meta":[],"categories":[6,25,40],"tags":[33,37,38],"post_mailing_queue_ids":[],"_links":{"self":[{"href":"https:\/\/redalforja.org.gt\/mediateca\/wp-json\/wp\/v2\/posts\/1219"}],"collection":[{"href":"https:\/\/redalforja.org.gt\/mediateca\/wp-json\/wp\/v2\/posts"}],"about":[{"href":"https:\/\/redalforja.org.gt\/mediateca\/wp-json\/wp\/v2\/types\/post"}],"author":[{"embeddable":true,"href":"https:\/\/redalforja.org.gt\/mediateca\/wp-json\/wp\/v2\/users\/3"}],"replies":[{"embeddable":true,"href":"https:\/\/redalforja.org.gt\/mediateca\/wp-json\/wp\/v2\/comments?post=1219"}],"version-history":[{"count":3,"href":"https:\/\/redalforja.org.gt\/mediateca\/wp-json\/wp\/v2\/posts\/1219\/revisions"}],"predecessor-version":[{"id":1367,"href":"https:\/\/redalforja.org.gt\/mediateca\/wp-json\/wp\/v2\/posts\/1219\/revisions\/1367"}],"wp:featuredmedia":[{"embeddable":true,"href":"https:\/\/redalforja.org.gt\/mediateca\/wp-json\/wp\/v2\/media\/1221"}],"wp:attachment":[{"href":"https:\/\/redalforja.org.gt\/mediateca\/wp-json\/wp\/v2\/media?parent=1219"}],"wp:term":[{"taxonomy":"category","embeddable":true,"href":"https:\/\/redalforja.org.gt\/mediateca\/wp-json\/wp\/v2\/categories?post=1219"},{"taxonomy":"post_tag","embeddable":true,"href":"https:\/\/redalforja.org.gt\/mediateca\/wp-json\/wp\/v2\/tags?post=1219"}],"curies":[{"name":"wp","href":"https:\/\/api.w.org\/{rel}","templated":true}]}}