{"id":1214,"date":"2022-05-02T20:59:16","date_gmt":"2022-05-02T20:59:16","guid":{"rendered":"https:\/\/redalforja.org.gt\/mediateca\/?p=1214"},"modified":"2022-07-26T22:13:45","modified_gmt":"2022-07-26T22:13:45","slug":"memoria-del-xxvi-encuentro-de-cretividad-2019","status":"publish","type":"post","link":"https:\/\/redalforja.org.gt\/mediateca\/2022\/05\/02\/memoria-del-xxvi-encuentro-de-cretividad-2019\/","title":{"rendered":"Memoria del XXVI Encuentro de Cretividad &#8211; 2019"},"content":{"rendered":"\n<p>Del 14 al 17 de octubre del 2019, se realiz\u00f3 en Guatemala, el XXVI Encuentro de Creatividad, coordinadopor la Red Mesoamericana de Educaci\u00f3n Popular -Red Alforja y que en la etapa de preparaci\u00f3ncont\u00f3 con la participaci\u00f3n de representantes de las organizaciones que este a\u00f1o estuvieron en laEscuela Mesoamericana en Movimiento. Este encuentro se llev\u00f3 a cabo bajo el lema: <em>\u201cConstruyendo poder y praxis emancipatorias desdela Educaci\u00f3n Popular\u201d<\/em> por lo que buena parte dio lugar al intercambio de distintas experiencias y formas de hacer formaci\u00f3n pol\u00edtica. Este intercambio se dio a trav\u00e9s de foros, talleres tem\u00e1ticos con distintas modalidades, reflexi\u00f3n te\u00f3rica y construcci\u00f3n metodol\u00f3gica.<\/p>\n\n\n\n<p><strong><a href=\"https:\/\/drive.google.com\/file\/d\/1kBn4Gk2C9bcOmaem9PTI9qG4exFNFrj6\/view?usp=sharing\">Para ver el documento completo:<\/a><\/strong><br><\/p>\n","protected":false},"excerpt":{"rendered":"<p>Del 14 al 17 de octubre del 2019, se realiz\u00f3 en Guatemala, el XXVI Encuentro de Creatividad, coordinadopor la Red Mesoamericana de Educaci\u00f3n Popular -Red Alforja y que en la&#8230; <a href=\"https:\/\/redalforja.org.gt\/mediateca\/2022\/05\/02\/memoria-del-xxvi-encuentro-de-cretividad-2019\/\">Leer m\u00e1s &raquo;<\/a><\/p>\n","protected":false},"author":3,"featured_media":1216,"comment_status":"closed","ping_status":"closed","sticky":false,"template":"","format":"standard","meta":[],"categories":[13,6,34,25],"tags":[73,36,30,37],"post_mailing_queue_ids":[],"_links":{"self":[{"href":"https:\/\/redalforja.org.gt\/mediateca\/wp-json\/wp\/v2\/posts\/1214"}],"collection":[{"href":"https:\/\/redalforja.org.gt\/mediateca\/wp-json\/wp\/v2\/posts"}],"about":[{"href":"https:\/\/redalforja.org.gt\/mediateca\/wp-json\/wp\/v2\/types\/post"}],"author":[{"embeddable":true,"href":"https:\/\/redalforja.org.gt\/mediateca\/wp-json\/wp\/v2\/users\/3"}],"replies":[{"embeddable":true,"href":"https:\/\/redalforja.org.gt\/mediateca\/wp-json\/wp\/v2\/comments?post=1214"}],"version-history":[{"count":3,"href":"https:\/\/redalforja.org.gt\/mediateca\/wp-json\/wp\/v2\/posts\/1214\/revisions"}],"predecessor-version":[{"id":1369,"href":"https:\/\/redalforja.org.gt\/mediateca\/wp-json\/wp\/v2\/posts\/1214\/revisions\/1369"}],"wp:featuredmedia":[{"embeddable":true,"href":"https:\/\/redalforja.org.gt\/mediateca\/wp-json\/wp\/v2\/media\/1216"}],"wp:attachment":[{"href":"https:\/\/redalforja.org.gt\/mediateca\/wp-json\/wp\/v2\/media?parent=1214"}],"wp:term":[{"taxonomy":"category","embeddable":true,"href":"https:\/\/redalforja.org.gt\/mediateca\/wp-json\/wp\/v2\/categories?post=1214"},{"taxonomy":"post_tag","embeddable":true,"href":"https:\/\/redalforja.org.gt\/mediateca\/wp-json\/wp\/v2\/tags?post=1214"}],"curies":[{"name":"wp","href":"https:\/\/api.w.org\/{rel}","templated":true}]}}