{"id":1208,"date":"2022-04-27T23:54:39","date_gmt":"2022-04-27T23:54:39","guid":{"rendered":"https:\/\/redalforja.org.gt\/mediateca\/?p=1208"},"modified":"2022-07-26T22:15:36","modified_gmt":"2022-07-26T22:15:36","slug":"primer-dialogo-en-rebeldia-2022","status":"publish","type":"post","link":"https:\/\/redalforja.org.gt\/mediateca\/2022\/04\/27\/primer-dialogo-en-rebeldia-2022\/","title":{"rendered":"Primer Di\u00e1logo en Rebeld\u00eda 2022"},"content":{"rendered":"\n<p>\u00bfCu\u00e1l es el contexto latinoamericano en el que realizamos nuestras pr\u00e1cticas? Documento s\u00edntesis del primer Di\u00e1logo en Rebeld\u00eda del 2022 realizado el 17 de abril y que tuvo por obetivo: \u00abLograr leer y reflexionar sobre nuestras apuestas y pr\u00e1cticas pol\u00edticas como organizaciones, en una lectura de contexto com\u00fan latinoamericano y una mirada con sentido estrat\u00e9gico de construcci\u00f3n pol\u00edtica\u00bb.<\/p>\n\n\n\n<p><a href=\"https:\/\/drive.google.com\/file\/d\/11tJCgOHPNagkzMirYwofHR8GgAvUL65O\/view?usp=sharing\">Para leer el documento completo:<\/a><\/p>\n","protected":false},"excerpt":{"rendered":"<p>\u00bfCu\u00e1l es el contexto latinoamericano en el que realizamos nuestras pr\u00e1cticas? Documento s\u00edntesis del primer Di\u00e1logo en Rebeld\u00eda del 2022 realizado el 17 de abril y que tuvo por obetivo:&#8230; <a href=\"https:\/\/redalforja.org.gt\/mediateca\/2022\/04\/27\/primer-dialogo-en-rebeldia-2022\/\">Leer m\u00e1s &raquo;<\/a><\/p>\n","protected":false},"author":3,"featured_media":1210,"comment_status":"closed","ping_status":"closed","sticky":false,"template":"","format":"standard","meta":[],"categories":[11,12,34],"tags":[100,102,30],"post_mailing_queue_ids":[],"_links":{"self":[{"href":"https:\/\/redalforja.org.gt\/mediateca\/wp-json\/wp\/v2\/posts\/1208"}],"collection":[{"href":"https:\/\/redalforja.org.gt\/mediateca\/wp-json\/wp\/v2\/posts"}],"about":[{"href":"https:\/\/redalforja.org.gt\/mediateca\/wp-json\/wp\/v2\/types\/post"}],"author":[{"embeddable":true,"href":"https:\/\/redalforja.org.gt\/mediateca\/wp-json\/wp\/v2\/users\/3"}],"replies":[{"embeddable":true,"href":"https:\/\/redalforja.org.gt\/mediateca\/wp-json\/wp\/v2\/comments?post=1208"}],"version-history":[{"count":3,"href":"https:\/\/redalforja.org.gt\/mediateca\/wp-json\/wp\/v2\/posts\/1208\/revisions"}],"predecessor-version":[{"id":1371,"href":"https:\/\/redalforja.org.gt\/mediateca\/wp-json\/wp\/v2\/posts\/1208\/revisions\/1371"}],"wp:featuredmedia":[{"embeddable":true,"href":"https:\/\/redalforja.org.gt\/mediateca\/wp-json\/wp\/v2\/media\/1210"}],"wp:attachment":[{"href":"https:\/\/redalforja.org.gt\/mediateca\/wp-json\/wp\/v2\/media?parent=1208"}],"wp:term":[{"taxonomy":"category","embeddable":true,"href":"https:\/\/redalforja.org.gt\/mediateca\/wp-json\/wp\/v2\/categories?post=1208"},{"taxonomy":"post_tag","embeddable":true,"href":"https:\/\/redalforja.org.gt\/mediateca\/wp-json\/wp\/v2\/tags?post=1208"}],"curies":[{"name":"wp","href":"https:\/\/api.w.org\/{rel}","templated":true}]}}