{"id":1191,"date":"2022-04-08T18:55:31","date_gmt":"2022-04-08T18:55:31","guid":{"rendered":"https:\/\/redalforja.org.gt\/mediateca\/?p=1191"},"modified":"2022-07-26T22:23:44","modified_gmt":"2022-07-26T22:23:44","slug":"la-red-alforja-en-mesoamerica-1980-1988","status":"publish","type":"post","link":"https:\/\/redalforja.org.gt\/mediateca\/2022\/04\/08\/la-red-alforja-en-mesoamerica-1980-1988\/","title":{"rendered":"La Red Alforja en Mesoam\u00e9rica (1980-1988)"},"content":{"rendered":"\n<p>Este texto se trata de un cap\u00edtulo de la Tesis Doctoral de Oscar Jara titulada: <strong>EDUCACI\u00d3N Y CAMBIO SOCIAL EN AM\u00c9RICA LATINA, Interpretaci\u00f3n cr\u00edtica de las contribuciones \u00e9tico-pol\u00edticas y pedag\u00f3gicas de la Educaci\u00f3n Popular Latinoamericana, <\/strong>sustentada en el Doctorado de Educaci\u00f3n de la Universidad de Costa Rica, 2017. Otros cap\u00edtulos de esta tesis fueron publicados en el libro <em>La Educaci\u00f3n Popular Latinoamericana, historia y claves \u00e9ticas, pol\u00edticas y pedag\u00f3gicas. <\/em>CEP Alforja- CEAAL \u2013 Alboan, 2018.<\/p>\n\n\n\n<p>\u00abEn este cap\u00edtulo nos centraremos en la sistematizaci\u00f3n de una experiencia significativa de Educaci\u00f3n Popular, como es el surgimiento y consolidaci\u00f3n de la <strong>Red de Educaci\u00f3n Popular Alforja en Centroam\u00e9rica y M\u00e9xico <\/strong>durante casi dos d\u00e9cadas. Nos interesa abordar particularmente sus principales aportes originales respecto a la relaci\u00f3n entre Educaci\u00f3n Popular y Cambio Social, as\u00ed como las contradicciones y aprendizajes te\u00f3ricos y pr\u00e1cticos que esta red recuper\u00f3 de forma cr\u00edtica a lo largo de este per\u00edodo. Aqu\u00ed seguimos, como se\u00f1al\u00e1ramos anteriormente3la perspectiva de Burawoy (1998), incorporando los v\u00ednculos entre el contexto, el di\u00e1logo y la intersubjetividad de los actores como constructores de procesos de teorizaci\u00f3n. Asimismo, todo lo referido al desaf\u00edo de sistematizar nuestras experiencias, como enfoque y metodolog\u00eda construida principalmente desde las experiencias y propuestas de educaci\u00f3n popular.\u00bb<\/p>\n\n\n\n<p><a href=\"https:\/\/drive.google.com\/file\/d\/1HozJbwyczKeC-v__-hiFsLdOAWef_hoR\/view?usp=sharing\">Jara, Oscar. La Red Alforja 1980-1998<\/a><\/p>\n","protected":false},"excerpt":{"rendered":"<p>Este texto se trata de un cap\u00edtulo de la Tesis Doctoral de Oscar Jara titulada: EDUCACI\u00d3N Y CAMBIO SOCIAL EN AM\u00c9RICA LATINA, Interpretaci\u00f3n cr\u00edtica de las contribuciones \u00e9tico-pol\u00edticas y pedag\u00f3gicas&#8230; <a href=\"https:\/\/redalforja.org.gt\/mediateca\/2022\/04\/08\/la-red-alforja-en-mesoamerica-1980-1988\/\">Leer m\u00e1s &raquo;<\/a><\/p>\n","protected":false},"author":3,"featured_media":1193,"comment_status":"closed","ping_status":"closed","sticky":false,"template":"","format":"standard","meta":[],"categories":[8,6,25,3],"tags":[33,78,37,69],"post_mailing_queue_ids":[],"_links":{"self":[{"href":"https:\/\/redalforja.org.gt\/mediateca\/wp-json\/wp\/v2\/posts\/1191"}],"collection":[{"href":"https:\/\/redalforja.org.gt\/mediateca\/wp-json\/wp\/v2\/posts"}],"about":[{"href":"https:\/\/redalforja.org.gt\/mediateca\/wp-json\/wp\/v2\/types\/post"}],"author":[{"embeddable":true,"href":"https:\/\/redalforja.org.gt\/mediateca\/wp-json\/wp\/v2\/users\/3"}],"replies":[{"embeddable":true,"href":"https:\/\/redalforja.org.gt\/mediateca\/wp-json\/wp\/v2\/comments?post=1191"}],"version-history":[{"count":3,"href":"https:\/\/redalforja.org.gt\/mediateca\/wp-json\/wp\/v2\/posts\/1191\/revisions"}],"predecessor-version":[{"id":1377,"href":"https:\/\/redalforja.org.gt\/mediateca\/wp-json\/wp\/v2\/posts\/1191\/revisions\/1377"}],"wp:featuredmedia":[{"embeddable":true,"href":"https:\/\/redalforja.org.gt\/mediateca\/wp-json\/wp\/v2\/media\/1193"}],"wp:attachment":[{"href":"https:\/\/redalforja.org.gt\/mediateca\/wp-json\/wp\/v2\/media?parent=1191"}],"wp:term":[{"taxonomy":"category","embeddable":true,"href":"https:\/\/redalforja.org.gt\/mediateca\/wp-json\/wp\/v2\/categories?post=1191"},{"taxonomy":"post_tag","embeddable":true,"href":"https:\/\/redalforja.org.gt\/mediateca\/wp-json\/wp\/v2\/tags?post=1191"}],"curies":[{"name":"wp","href":"https:\/\/api.w.org\/{rel}","templated":true}]}}