{"id":1180,"date":"2022-03-25T21:57:41","date_gmt":"2022-03-25T21:57:41","guid":{"rendered":"https:\/\/redalforja.org.gt\/mediateca\/?p=1180"},"modified":"2022-07-26T22:35:21","modified_gmt":"2022-07-26T22:35:21","slug":"una-pedagogia-de-la-comunicacion","status":"publish","type":"post","link":"https:\/\/redalforja.org.gt\/mediateca\/2022\/03\/25\/una-pedagogia-de-la-comunicacion\/","title":{"rendered":"Una pedagog\u00eda de la comunicaci\u00f3n"},"content":{"rendered":"\n<p>Este es un libro \u00fatil, adem\u00e1s de ameno e inteligente. Es sencillo sinsimplismos, riguroso sin tecnicismos, culto sin culteranismos. Tiene lavirtud de ser una excelente sistematizaci\u00f3n de la pr\u00e1ctica de vida de suautor, Mario Kapl\u00fan. Es una muestra de conversaci\u00f3n arm\u00f3nica entre teor\u00eda y pr\u00e1ctica,cuando dialogan al calor del compromiso, esa condici\u00f3n indispensabledel hacer ciencia. Todas estas cualidades hacen que su lectura yconsulta resulten igualmente \u00fatiles, tanto para  trabajadores sociales que se preocupan por mejorar su trabajo en las comunidades como para comunicadores profesionales, que saben que ninguna profesi\u00f3n es neutra, sino siempre cargada de creencias e intenciones.<\/p>\n\n\n\n<p><a href=\"https:\/\/drive.google.com\/file\/d\/1wofpuzaXA7of-LohrhmZPum_6_dpnrIU\/view?usp=sharing\">Leer texto completo<\/a> <\/p>\n\n\n\n<div class=\"wp-block-file\"><\/div>\n\n\n\n<p><\/p>\n","protected":false},"excerpt":{"rendered":"<p>Este es un libro \u00fatil, adem\u00e1s de ameno e inteligente. Es sencillo sinsimplismos, riguroso sin tecnicismos, culto sin culteranismos. Tiene lavirtud de ser una excelente sistematizaci\u00f3n de la pr\u00e1ctica de&#8230; <a href=\"https:\/\/redalforja.org.gt\/mediateca\/2022\/03\/25\/una-pedagogia-de-la-comunicacion\/\">Leer m\u00e1s &raquo;<\/a><\/p>\n","protected":false},"author":3,"featured_media":1184,"comment_status":"closed","ping_status":"closed","sticky":false,"template":"","format":"standard","meta":[],"categories":[91,18],"tags":[92,78,74],"post_mailing_queue_ids":[],"_links":{"self":[{"href":"https:\/\/redalforja.org.gt\/mediateca\/wp-json\/wp\/v2\/posts\/1180"}],"collection":[{"href":"https:\/\/redalforja.org.gt\/mediateca\/wp-json\/wp\/v2\/posts"}],"about":[{"href":"https:\/\/redalforja.org.gt\/mediateca\/wp-json\/wp\/v2\/types\/post"}],"author":[{"embeddable":true,"href":"https:\/\/redalforja.org.gt\/mediateca\/wp-json\/wp\/v2\/users\/3"}],"replies":[{"embeddable":true,"href":"https:\/\/redalforja.org.gt\/mediateca\/wp-json\/wp\/v2\/comments?post=1180"}],"version-history":[{"count":3,"href":"https:\/\/redalforja.org.gt\/mediateca\/wp-json\/wp\/v2\/posts\/1180\/revisions"}],"predecessor-version":[{"id":1381,"href":"https:\/\/redalforja.org.gt\/mediateca\/wp-json\/wp\/v2\/posts\/1180\/revisions\/1381"}],"wp:featuredmedia":[{"embeddable":true,"href":"https:\/\/redalforja.org.gt\/mediateca\/wp-json\/wp\/v2\/media\/1184"}],"wp:attachment":[{"href":"https:\/\/redalforja.org.gt\/mediateca\/wp-json\/wp\/v2\/media?parent=1180"}],"wp:term":[{"taxonomy":"category","embeddable":true,"href":"https:\/\/redalforja.org.gt\/mediateca\/wp-json\/wp\/v2\/categories?post=1180"},{"taxonomy":"post_tag","embeddable":true,"href":"https:\/\/redalforja.org.gt\/mediateca\/wp-json\/wp\/v2\/tags?post=1180"}],"curies":[{"name":"wp","href":"https:\/\/api.w.org\/{rel}","templated":true}]}}