{"id":1176,"date":"2022-03-25T21:36:09","date_gmt":"2022-03-25T21:36:09","guid":{"rendered":"https:\/\/redalforja.org.gt\/mediateca\/?p=1176"},"modified":"2022-07-26T22:40:07","modified_gmt":"2022-07-26T22:40:07","slug":"ici-educacion-popular-una-metodologia","status":"publish","type":"post","link":"https:\/\/redalforja.org.gt\/mediateca\/2022\/03\/25\/ici-educacion-popular-una-metodologia\/","title":{"rendered":"ICI. Educaci\u00f3n popular: una metodolog\u00eda"},"content":{"rendered":"\n<p>Esta publicaci\u00f3n es producto de la investigaci\u00f3n, sistematizaci\u00f3n y profundizaci\u00f3n realizada a partir de los aportes de centenares de participantes en los talleres de Educaci\u00f3n Popular del Instituto Cooperativo Interamericano con sede en Panam\u00e1. A\u00f1o de la publicaci\u00f3n: 1997.<\/p>\n\n\n\n<p><strong><a href=\"https:\/\/drive.google.com\/file\/d\/1Wp4LB-xj_zdzePVIXjRoQgJqm1zFV95B\/view?usp=sharing\">Para leer el texto completo:<\/a><\/strong><br><\/p>\n","protected":false},"excerpt":{"rendered":"<p>Esta publicaci\u00f3n es producto de la investigaci\u00f3n, sistematizaci\u00f3n y profundizaci\u00f3n realizada a partir de los aportes de centenares de participantes en los talleres de Educaci\u00f3n Popular del Instituto Cooperativo Interamericano&#8230; <a href=\"https:\/\/redalforja.org.gt\/mediateca\/2022\/03\/25\/ici-educacion-popular-una-metodologia\/\">Leer m\u00e1s &raquo;<\/a><\/p>\n","protected":false},"author":3,"featured_media":1178,"comment_status":"closed","ping_status":"closed","sticky":false,"template":"","format":"standard","meta":[],"categories":[6,18,14],"tags":[33,17],"post_mailing_queue_ids":[],"_links":{"self":[{"href":"https:\/\/redalforja.org.gt\/mediateca\/wp-json\/wp\/v2\/posts\/1176"}],"collection":[{"href":"https:\/\/redalforja.org.gt\/mediateca\/wp-json\/wp\/v2\/posts"}],"about":[{"href":"https:\/\/redalforja.org.gt\/mediateca\/wp-json\/wp\/v2\/types\/post"}],"author":[{"embeddable":true,"href":"https:\/\/redalforja.org.gt\/mediateca\/wp-json\/wp\/v2\/users\/3"}],"replies":[{"embeddable":true,"href":"https:\/\/redalforja.org.gt\/mediateca\/wp-json\/wp\/v2\/comments?post=1176"}],"version-history":[{"count":3,"href":"https:\/\/redalforja.org.gt\/mediateca\/wp-json\/wp\/v2\/posts\/1176\/revisions"}],"predecessor-version":[{"id":1383,"href":"https:\/\/redalforja.org.gt\/mediateca\/wp-json\/wp\/v2\/posts\/1176\/revisions\/1383"}],"wp:featuredmedia":[{"embeddable":true,"href":"https:\/\/redalforja.org.gt\/mediateca\/wp-json\/wp\/v2\/media\/1178"}],"wp:attachment":[{"href":"https:\/\/redalforja.org.gt\/mediateca\/wp-json\/wp\/v2\/media?parent=1176"}],"wp:term":[{"taxonomy":"category","embeddable":true,"href":"https:\/\/redalforja.org.gt\/mediateca\/wp-json\/wp\/v2\/categories?post=1176"},{"taxonomy":"post_tag","embeddable":true,"href":"https:\/\/redalforja.org.gt\/mediateca\/wp-json\/wp\/v2\/tags?post=1176"}],"curies":[{"name":"wp","href":"https:\/\/api.w.org\/{rel}","templated":true}]}}