{"id":1172,"date":"2022-03-23T21:27:07","date_gmt":"2022-03-23T21:27:07","guid":{"rendered":"https:\/\/redalforja.org.gt\/mediateca\/?p=1172"},"modified":"2022-07-26T22:44:46","modified_gmt":"2022-07-26T22:44:46","slug":"educaciones-y-pedagogias-criticas-desde-el-sur","status":"publish","type":"post","link":"https:\/\/redalforja.org.gt\/mediateca\/2022\/03\/23\/educaciones-y-pedagogias-criticas-desde-el-sur\/","title":{"rendered":"Educaciones y pedagog\u00edas cr\u00edticas desde el sur"},"content":{"rendered":"\n<p>Educaciones y pedagog\u00edas cr\u00edticas desde el sur (cartograf\u00edas de la Educaci\u00f3n Popular) de Marco Ra\u00fal Mej\u00eda Jim\u00e9nez, presenta un an\u00e1lisis de la educaci\u00f3n popular -EP, recupera su historia y analiza los supuestos de la EP en sus respectivos contextos. Este texto planeta la reflexi\u00f3n y profundizaci\u00f3n de las pedagog\u00edas que tienen su matriz en las corrientes cr\u00edticas.<\/p>\n\n\n\n<p><strong><a href=\"https:\/\/drive.google.com\/file\/d\/1Mo3RiurWVavCbIhoe4_DhMraKieSAePk\/view?usp=sharing\">Para leer el documento completo:<\/a><\/strong><\/p>\n","protected":false},"excerpt":{"rendered":"<p>Educaciones y pedagog\u00edas cr\u00edticas desde el sur (cartograf\u00edas de la Educaci\u00f3n Popular) de Marco Ra\u00fal Mej\u00eda Jim\u00e9nez, presenta un an\u00e1lisis de la educaci\u00f3n popular -EP, recupera su historia y analiza&#8230; <a href=\"https:\/\/redalforja.org.gt\/mediateca\/2022\/03\/23\/educaciones-y-pedagogias-criticas-desde-el-sur\/\">Leer m\u00e1s &raquo;<\/a><\/p>\n","protected":false},"author":3,"featured_media":1174,"comment_status":"closed","ping_status":"closed","sticky":false,"template":"","format":"standard","meta":[],"categories":[6,64],"tags":[82,33,78],"post_mailing_queue_ids":[],"_links":{"self":[{"href":"https:\/\/redalforja.org.gt\/mediateca\/wp-json\/wp\/v2\/posts\/1172"}],"collection":[{"href":"https:\/\/redalforja.org.gt\/mediateca\/wp-json\/wp\/v2\/posts"}],"about":[{"href":"https:\/\/redalforja.org.gt\/mediateca\/wp-json\/wp\/v2\/types\/post"}],"author":[{"embeddable":true,"href":"https:\/\/redalforja.org.gt\/mediateca\/wp-json\/wp\/v2\/users\/3"}],"replies":[{"embeddable":true,"href":"https:\/\/redalforja.org.gt\/mediateca\/wp-json\/wp\/v2\/comments?post=1172"}],"version-history":[{"count":3,"href":"https:\/\/redalforja.org.gt\/mediateca\/wp-json\/wp\/v2\/posts\/1172\/revisions"}],"predecessor-version":[{"id":1385,"href":"https:\/\/redalforja.org.gt\/mediateca\/wp-json\/wp\/v2\/posts\/1172\/revisions\/1385"}],"wp:featuredmedia":[{"embeddable":true,"href":"https:\/\/redalforja.org.gt\/mediateca\/wp-json\/wp\/v2\/media\/1174"}],"wp:attachment":[{"href":"https:\/\/redalforja.org.gt\/mediateca\/wp-json\/wp\/v2\/media?parent=1172"}],"wp:term":[{"taxonomy":"category","embeddable":true,"href":"https:\/\/redalforja.org.gt\/mediateca\/wp-json\/wp\/v2\/categories?post=1172"},{"taxonomy":"post_tag","embeddable":true,"href":"https:\/\/redalforja.org.gt\/mediateca\/wp-json\/wp\/v2\/tags?post=1172"}],"curies":[{"name":"wp","href":"https:\/\/api.w.org\/{rel}","templated":true}]}}