{"id":1163,"date":"2022-02-28T20:41:31","date_gmt":"2022-02-28T20:41:31","guid":{"rendered":"https:\/\/redalforja.org.gt\/mediateca\/?p=1163"},"modified":"2022-07-26T22:53:02","modified_gmt":"2022-07-26T22:53:02","slug":"dialogo-entre-educadores-febrero-2022-boletin","status":"publish","type":"post","link":"https:\/\/redalforja.org.gt\/mediateca\/2022\/02\/28\/dialogo-entre-educadores-febrero-2022-boletin\/","title":{"rendered":"Di\u00e1logo entre educadores. Febrero 2022 (bolet\u00edn)"},"content":{"rendered":"\n<p>Bolet\u00edn \u00abDi\u00e1logo entre educadores\u00bb. No 47 correspondiente al mes de febrero de 2022. Publicado por el Colectivo de Investigaci\u00f3n Educativa \u00abGraciela Bustillos\u00bb de la Secci\u00f3n de Educaci\u00f3n Popular de la Asociaci\u00f3n de Pedagogogs de Cuba.<\/p>\n\n\n\n<p><strong><a href=\"https:\/\/drive.google.com\/file\/d\/1RgT_JFZxfA-4zLhmaVGnUyjKga2Dcoq6\/view?usp=sharing\">Para leer el bolet\u00edn completo:<\/a><\/strong><br><\/p>\n","protected":false},"excerpt":{"rendered":"<p>Bolet\u00edn \u00abDi\u00e1logo entre educadores\u00bb. No 47 correspondiente al mes de febrero de 2022. Publicado por el Colectivo de Investigaci\u00f3n Educativa \u00abGraciela Bustillos\u00bb de la Secci\u00f3n de Educaci\u00f3n Popular de la&#8230; <a href=\"https:\/\/redalforja.org.gt\/mediateca\/2022\/02\/28\/dialogo-entre-educadores-febrero-2022-boletin\/\">Leer m\u00e1s &raquo;<\/a><\/p>\n","protected":false},"author":3,"featured_media":1165,"comment_status":"closed","ping_status":"closed","sticky":false,"template":"","format":"standard","meta":[],"categories":[6,40],"tags":[33,38],"post_mailing_queue_ids":[],"_links":{"self":[{"href":"https:\/\/redalforja.org.gt\/mediateca\/wp-json\/wp\/v2\/posts\/1163"}],"collection":[{"href":"https:\/\/redalforja.org.gt\/mediateca\/wp-json\/wp\/v2\/posts"}],"about":[{"href":"https:\/\/redalforja.org.gt\/mediateca\/wp-json\/wp\/v2\/types\/post"}],"author":[{"embeddable":true,"href":"https:\/\/redalforja.org.gt\/mediateca\/wp-json\/wp\/v2\/users\/3"}],"replies":[{"embeddable":true,"href":"https:\/\/redalforja.org.gt\/mediateca\/wp-json\/wp\/v2\/comments?post=1163"}],"version-history":[{"count":3,"href":"https:\/\/redalforja.org.gt\/mediateca\/wp-json\/wp\/v2\/posts\/1163\/revisions"}],"predecessor-version":[{"id":1389,"href":"https:\/\/redalforja.org.gt\/mediateca\/wp-json\/wp\/v2\/posts\/1163\/revisions\/1389"}],"wp:featuredmedia":[{"embeddable":true,"href":"https:\/\/redalforja.org.gt\/mediateca\/wp-json\/wp\/v2\/media\/1165"}],"wp:attachment":[{"href":"https:\/\/redalforja.org.gt\/mediateca\/wp-json\/wp\/v2\/media?parent=1163"}],"wp:term":[{"taxonomy":"category","embeddable":true,"href":"https:\/\/redalforja.org.gt\/mediateca\/wp-json\/wp\/v2\/categories?post=1163"},{"taxonomy":"post_tag","embeddable":true,"href":"https:\/\/redalforja.org.gt\/mediateca\/wp-json\/wp\/v2\/tags?post=1163"}],"curies":[{"name":"wp","href":"https:\/\/api.w.org\/{rel}","templated":true}]}}