{"id":1154,"date":"2022-02-17T21:38:50","date_gmt":"2022-02-17T21:38:50","guid":{"rendered":"https:\/\/redalforja.org.gt\/mediateca\/?p=1154"},"modified":"2022-07-26T22:59:12","modified_gmt":"2022-07-26T22:59:12","slug":"hacerlo-presentable-pautas-para-la-presentacion-del-informe-final-de-sistematizacion","status":"publish","type":"post","link":"https:\/\/redalforja.org.gt\/mediateca\/2022\/02\/17\/hacerlo-presentable-pautas-para-la-presentacion-del-informe-final-de-sistematizacion\/","title":{"rendered":"Hacerlo presentable: pautas para la presentaci\u00f3n del informe final de sistematizaci\u00f3n"},"content":{"rendered":"\n<p>Llamamos <strong>Informe Final de Sistematizaci\u00f3n<\/strong>, al documento escrito elaborado por el equipo a cargo de la sistematizaci\u00f3n, como principal producto de un proceso de sistematizaci\u00f3n de experiencias. De este documento podr\u00e1n desprenderse otros productos de comunicaci\u00f3n como informes escritos o productos audiovisuales, que bien pueden ser p\u00fablicos o res\u00famenes de lo m\u00e1s significativo que queremos compartir, seg\u00fan cu\u00e1l sea nuestra intencionalidad para comunicar los resultados de acuerdo a nuestros intereses. <\/p>\n\n\n\n<p>A continuaci\u00f3n presentamos algunas pautas de componentes que puede tener la estructura de nuestro informe y algunas otras sugerencias en t\u00e9rminos de redacci\u00f3n. Advertimos que es una estructura general, que desde nuestra pr\u00e1ctica pueda o no integrarse a nuestro documento; cada experiencia puede retomar unas, modificar otras, proponer alguna que otra m\u00e1s, eso depender\u00e1 de la propia experiencia y de los resultados que se obtuvieron a lo largo del ejercicio de la sistematizaci\u00f3n.<\/p>\n\n\n\n<p><strong><a href=\"https:\/\/drive.google.com\/file\/d\/1h9T2_J1WnuKtsrZtZIAwt7SCMxiddPZ6\/view?usp=sharing\">Para leer el documento completo:<\/a><\/strong><br><\/p>\n","protected":false},"excerpt":{"rendered":"<p>Llamamos Informe Final de Sistematizaci\u00f3n, al documento escrito elaborado por el equipo a cargo de la sistematizaci\u00f3n, como principal producto de un proceso de sistematizaci\u00f3n de experiencias. De este documento&#8230; <a href=\"https:\/\/redalforja.org.gt\/mediateca\/2022\/02\/17\/hacerlo-presentable-pautas-para-la-presentacion-del-informe-final-de-sistematizacion\/\">Leer m\u00e1s &raquo;<\/a><\/p>\n","protected":false},"author":3,"featured_media":1156,"comment_status":"closed","ping_status":"closed","sticky":false,"template":"","format":"standard","meta":[],"categories":[18,25,3],"tags":[17,37,69],"post_mailing_queue_ids":[],"_links":{"self":[{"href":"https:\/\/redalforja.org.gt\/mediateca\/wp-json\/wp\/v2\/posts\/1154"}],"collection":[{"href":"https:\/\/redalforja.org.gt\/mediateca\/wp-json\/wp\/v2\/posts"}],"about":[{"href":"https:\/\/redalforja.org.gt\/mediateca\/wp-json\/wp\/v2\/types\/post"}],"author":[{"embeddable":true,"href":"https:\/\/redalforja.org.gt\/mediateca\/wp-json\/wp\/v2\/users\/3"}],"replies":[{"embeddable":true,"href":"https:\/\/redalforja.org.gt\/mediateca\/wp-json\/wp\/v2\/comments?post=1154"}],"version-history":[{"count":3,"href":"https:\/\/redalforja.org.gt\/mediateca\/wp-json\/wp\/v2\/posts\/1154\/revisions"}],"predecessor-version":[{"id":1393,"href":"https:\/\/redalforja.org.gt\/mediateca\/wp-json\/wp\/v2\/posts\/1154\/revisions\/1393"}],"wp:featuredmedia":[{"embeddable":true,"href":"https:\/\/redalforja.org.gt\/mediateca\/wp-json\/wp\/v2\/media\/1156"}],"wp:attachment":[{"href":"https:\/\/redalforja.org.gt\/mediateca\/wp-json\/wp\/v2\/media?parent=1154"}],"wp:term":[{"taxonomy":"category","embeddable":true,"href":"https:\/\/redalforja.org.gt\/mediateca\/wp-json\/wp\/v2\/categories?post=1154"},{"taxonomy":"post_tag","embeddable":true,"href":"https:\/\/redalforja.org.gt\/mediateca\/wp-json\/wp\/v2\/tags?post=1154"}],"curies":[{"name":"wp","href":"https:\/\/api.w.org\/{rel}","templated":true}]}}