{"id":1150,"date":"2022-02-17T21:25:57","date_gmt":"2022-02-17T21:25:57","guid":{"rendered":"https:\/\/redalforja.org.gt\/mediateca\/?p=1150"},"modified":"2022-07-26T23:01:29","modified_gmt":"2022-07-26T23:01:29","slug":"metodologia-para-la-sistematizacion-participativa-de-experiencias-sociales","status":"publish","type":"post","link":"https:\/\/redalforja.org.gt\/mediateca\/2022\/02\/17\/metodologia-para-la-sistematizacion-participativa-de-experiencias-sociales\/","title":{"rendered":"Metodolog\u00eda para la sistematizaci\u00f3n participativa de experiencias sociales"},"content":{"rendered":"\n<p>Rosa Elva Z\u00fa\u00f1iga L\u00f3pezy Mar\u00eda Teresa Z\u00fa\u00f1iga Preciado<\/p>\n\n\n\n<p>Este documento  fue elaborado para quienes participaron en el Taller Latinoamericano para la Sistematizaci\u00f3n Participativa de Experiencias Sociales, al que convoc\u00f3 el IMDEC, del 27 de noviembre al 1 de diciembre del 2013.<\/p>\n\n\n\n<p><strong><a href=\"https:\/\/drive.google.com\/file\/d\/1TV-qGnbvD_Onf8ka5viXBIiOc5dsbt3a\/view?usp=sharing\">Para leer el documento completo:<\/a><\/strong><\/p>\n","protected":false},"excerpt":{"rendered":"<p>Rosa Elva Z\u00fa\u00f1iga L\u00f3pezy Mar\u00eda Teresa Z\u00fa\u00f1iga Preciado Este documento fue elaborado para quienes participaron en el Taller Latinoamericano para la Sistematizaci\u00f3n Participativa de Experiencias Sociales, al que convoc\u00f3 el&#8230; <a href=\"https:\/\/redalforja.org.gt\/mediateca\/2022\/02\/17\/metodologia-para-la-sistematizacion-participativa-de-experiencias-sociales\/\">Leer m\u00e1s &raquo;<\/a><\/p>\n","protected":false},"author":3,"featured_media":1152,"comment_status":"closed","ping_status":"closed","sticky":false,"template":"","format":"standard","meta":[],"categories":[18,25,3],"tags":[17,37,69],"post_mailing_queue_ids":[],"_links":{"self":[{"href":"https:\/\/redalforja.org.gt\/mediateca\/wp-json\/wp\/v2\/posts\/1150"}],"collection":[{"href":"https:\/\/redalforja.org.gt\/mediateca\/wp-json\/wp\/v2\/posts"}],"about":[{"href":"https:\/\/redalforja.org.gt\/mediateca\/wp-json\/wp\/v2\/types\/post"}],"author":[{"embeddable":true,"href":"https:\/\/redalforja.org.gt\/mediateca\/wp-json\/wp\/v2\/users\/3"}],"replies":[{"embeddable":true,"href":"https:\/\/redalforja.org.gt\/mediateca\/wp-json\/wp\/v2\/comments?post=1150"}],"version-history":[{"count":3,"href":"https:\/\/redalforja.org.gt\/mediateca\/wp-json\/wp\/v2\/posts\/1150\/revisions"}],"predecessor-version":[{"id":1395,"href":"https:\/\/redalforja.org.gt\/mediateca\/wp-json\/wp\/v2\/posts\/1150\/revisions\/1395"}],"wp:featuredmedia":[{"embeddable":true,"href":"https:\/\/redalforja.org.gt\/mediateca\/wp-json\/wp\/v2\/media\/1152"}],"wp:attachment":[{"href":"https:\/\/redalforja.org.gt\/mediateca\/wp-json\/wp\/v2\/media?parent=1150"}],"wp:term":[{"taxonomy":"category","embeddable":true,"href":"https:\/\/redalforja.org.gt\/mediateca\/wp-json\/wp\/v2\/categories?post=1150"},{"taxonomy":"post_tag","embeddable":true,"href":"https:\/\/redalforja.org.gt\/mediateca\/wp-json\/wp\/v2\/tags?post=1150"}],"curies":[{"name":"wp","href":"https:\/\/api.w.org\/{rel}","templated":true}]}}