{"id":1132,"date":"2022-02-15T17:39:43","date_gmt":"2022-02-15T17:39:43","guid":{"rendered":"https:\/\/redalforja.org.gt\/mediateca\/?p=1132"},"modified":"2022-07-27T03:10:45","modified_gmt":"2022-07-27T03:10:45","slug":"memoria-escuela-mesoamericana-iii-2021","status":"publish","type":"post","link":"https:\/\/redalforja.org.gt\/mediateca\/2022\/02\/15\/memoria-escuela-mesoamericana-iii-2021\/","title":{"rendered":"Memoria Escuela Mesoamericana III 2021"},"content":{"rendered":"\n<p>Memoria del tercer m\u00f3dulo de la Escuela Mesoamericana en Movimiento 2021. El poder y correlaci\u00f3n de fuerzas en las pr\u00e1cticas pol\u00edticas de los pueblos y sus movimientos populares. Iximulew, Mesoam\u00e9rica del 7 al 11 de noviembre de 2021.<\/p>\n\n\n\n<p><a href=\"https:\/\/drive.google.com\/file\/d\/1jDOmiKSeeVGUL9ViedmAm_-SB0NTGGad\/view?usp=sharing\">Puede leer el documento completo en el siguiente enlace:<\/a><br><\/p>\n","protected":false},"excerpt":{"rendered":"<p>Memoria del tercer m\u00f3dulo de la Escuela Mesoamericana en Movimiento 2021. El poder y correlaci\u00f3n de fuerzas en las pr\u00e1cticas pol\u00edticas de los pueblos y sus movimientos populares. Iximulew, Mesoam\u00e9rica&#8230; <a href=\"https:\/\/redalforja.org.gt\/mediateca\/2022\/02\/15\/memoria-escuela-mesoamericana-iii-2021\/\">Leer m\u00e1s &raquo;<\/a><\/p>\n","protected":false},"author":3,"featured_media":1134,"comment_status":"closed","ping_status":"closed","sticky":false,"template":"","format":"standard","meta":[],"categories":[13,6,12,34,25],"tags":[98,30,37],"post_mailing_queue_ids":[],"_links":{"self":[{"href":"https:\/\/redalforja.org.gt\/mediateca\/wp-json\/wp\/v2\/posts\/1132"}],"collection":[{"href":"https:\/\/redalforja.org.gt\/mediateca\/wp-json\/wp\/v2\/posts"}],"about":[{"href":"https:\/\/redalforja.org.gt\/mediateca\/wp-json\/wp\/v2\/types\/post"}],"author":[{"embeddable":true,"href":"https:\/\/redalforja.org.gt\/mediateca\/wp-json\/wp\/v2\/users\/3"}],"replies":[{"embeddable":true,"href":"https:\/\/redalforja.org.gt\/mediateca\/wp-json\/wp\/v2\/comments?post=1132"}],"version-history":[{"count":2,"href":"https:\/\/redalforja.org.gt\/mediateca\/wp-json\/wp\/v2\/posts\/1132\/revisions"}],"predecessor-version":[{"id":1400,"href":"https:\/\/redalforja.org.gt\/mediateca\/wp-json\/wp\/v2\/posts\/1132\/revisions\/1400"}],"wp:featuredmedia":[{"embeddable":true,"href":"https:\/\/redalforja.org.gt\/mediateca\/wp-json\/wp\/v2\/media\/1134"}],"wp:attachment":[{"href":"https:\/\/redalforja.org.gt\/mediateca\/wp-json\/wp\/v2\/media?parent=1132"}],"wp:term":[{"taxonomy":"category","embeddable":true,"href":"https:\/\/redalforja.org.gt\/mediateca\/wp-json\/wp\/v2\/categories?post=1132"},{"taxonomy":"post_tag","embeddable":true,"href":"https:\/\/redalforja.org.gt\/mediateca\/wp-json\/wp\/v2\/tags?post=1132"}],"curies":[{"name":"wp","href":"https:\/\/api.w.org\/{rel}","templated":true}]}}