{"id":1123,"date":"2022-02-15T16:48:30","date_gmt":"2022-02-15T16:48:30","guid":{"rendered":"https:\/\/redalforja.org.gt\/mediateca\/?p=1123"},"modified":"2022-07-27T03:13:35","modified_gmt":"2022-07-27T03:13:35","slug":"memoria-escuela-mesoamericana-i-2021","status":"publish","type":"post","link":"https:\/\/redalforja.org.gt\/mediateca\/2022\/02\/15\/memoria-escuela-mesoamericana-i-2021\/","title":{"rendered":"Memoria Escuela Mesoamericana I 2021"},"content":{"rendered":"\n<p>Memoria del Primer M\u00f3dulo de la Escuela Mesoamericana en Movimiento del a\u00f1o 2021 realizado los d\u00edas 25 y 26 de agosto.<\/p>\n\n\n\n<p><a href=\"https:\/\/drive.google.com\/file\/d\/1Ja2KaRQqEsd7gSlE8nCpF6N_QYtnt_3t\/view?usp=sharing\">Puede leer el documento completo en el siguiente enlace:<\/a><br><\/p>\n","protected":false},"excerpt":{"rendered":"<p>Memoria del Primer M\u00f3dulo de la Escuela Mesoamericana en Movimiento del a\u00f1o 2021 realizado los d\u00edas 25 y 26 de agosto. Puede leer el documento completo en el siguiente enlace:<\/p>\n","protected":false},"author":3,"featured_media":1126,"comment_status":"closed","ping_status":"closed","sticky":false,"template":"","format":"standard","meta":[],"categories":[13,6,34,25],"tags":[98,30,37],"post_mailing_queue_ids":[],"_links":{"self":[{"href":"https:\/\/redalforja.org.gt\/mediateca\/wp-json\/wp\/v2\/posts\/1123"}],"collection":[{"href":"https:\/\/redalforja.org.gt\/mediateca\/wp-json\/wp\/v2\/posts"}],"about":[{"href":"https:\/\/redalforja.org.gt\/mediateca\/wp-json\/wp\/v2\/types\/post"}],"author":[{"embeddable":true,"href":"https:\/\/redalforja.org.gt\/mediateca\/wp-json\/wp\/v2\/users\/3"}],"replies":[{"embeddable":true,"href":"https:\/\/redalforja.org.gt\/mediateca\/wp-json\/wp\/v2\/comments?post=1123"}],"version-history":[{"count":2,"href":"https:\/\/redalforja.org.gt\/mediateca\/wp-json\/wp\/v2\/posts\/1123\/revisions"}],"predecessor-version":[{"id":1402,"href":"https:\/\/redalforja.org.gt\/mediateca\/wp-json\/wp\/v2\/posts\/1123\/revisions\/1402"}],"wp:featuredmedia":[{"embeddable":true,"href":"https:\/\/redalforja.org.gt\/mediateca\/wp-json\/wp\/v2\/media\/1126"}],"wp:attachment":[{"href":"https:\/\/redalforja.org.gt\/mediateca\/wp-json\/wp\/v2\/media?parent=1123"}],"wp:term":[{"taxonomy":"category","embeddable":true,"href":"https:\/\/redalforja.org.gt\/mediateca\/wp-json\/wp\/v2\/categories?post=1123"},{"taxonomy":"post_tag","embeddable":true,"href":"https:\/\/redalforja.org.gt\/mediateca\/wp-json\/wp\/v2\/tags?post=1123"}],"curies":[{"name":"wp","href":"https:\/\/api.w.org\/{rel}","templated":true}]}}