{"id":1112,"date":"2022-02-14T21:09:31","date_gmt":"2022-02-14T21:09:31","guid":{"rendered":"https:\/\/redalforja.org.gt\/mediateca\/?p=1112"},"modified":"2022-07-27T03:16:51","modified_gmt":"2022-07-27T03:16:51","slug":"incidir-en-la-historia-desde-la-practica-latinoamericana-de-educacion-popular","status":"publish","type":"post","link":"https:\/\/redalforja.org.gt\/mediateca\/2022\/02\/14\/incidir-en-la-historia-desde-la-practica-latinoamericana-de-educacion-popular\/","title":{"rendered":"Incidir en la historia desde la pr\u00e1ctica latinoamericana de educaci\u00f3n popular"},"content":{"rendered":"\n<p>Oscar Jara H. <\/p>\n\n\n\n<p>Conferencia inaugural del IV seminario internacional \u00abUniversidad y Educaci\u00f3n Popular\u00bb. Universidad Federal de Para\u00edba, Joao Pessoa, Brasil, 26 de julio 1994.<\/p>\n\n\n\n<p>En esta presentaci\u00f3n, el autor se centra en tres exigencias que educadoras y educadores populares se planteaban en aquel contexto: 1) Recuperar cr\u00edticamente el acumulado hist\u00f3rico de las experiencias de educaci\u00f3n popular de Am\u00e9rica Latina. 2) Aportar a la construcci\u00f3n de otro tipo de poder, a una forma diferente de pensar y hacer la pol\u00edtica. 3) Incidir de una forma cualitativamente superior en los procesos sociales, desde nuestra especificidad educativa.<\/p>\n\n\n\n<p><a href=\"https:\/\/drive.google.com\/file\/d\/1kUtfbVZYToYgda7vhA8k7srol_zRjW-R\/view?usp=sharing\">Bajar el texto completo:<\/a><\/p>\n\n\n\n<p><br><\/p>\n","protected":false},"excerpt":{"rendered":"<p>Oscar Jara H. Conferencia inaugural del IV seminario internacional \u00abUniversidad y Educaci\u00f3n Popular\u00bb. Universidad Federal de Para\u00edba, Joao Pessoa, Brasil, 26 de julio 1994. En esta presentaci\u00f3n, el autor se&#8230; <a href=\"https:\/\/redalforja.org.gt\/mediateca\/2022\/02\/14\/incidir-en-la-historia-desde-la-practica-latinoamericana-de-educacion-popular\/\">Leer m\u00e1s &raquo;<\/a><\/p>\n","protected":false},"author":3,"featured_media":855,"comment_status":"closed","ping_status":"closed","sticky":false,"template":"","format":"standard","meta":[],"categories":[6,12],"tags":[96,33,37],"post_mailing_queue_ids":[],"_links":{"self":[{"href":"https:\/\/redalforja.org.gt\/mediateca\/wp-json\/wp\/v2\/posts\/1112"}],"collection":[{"href":"https:\/\/redalforja.org.gt\/mediateca\/wp-json\/wp\/v2\/posts"}],"about":[{"href":"https:\/\/redalforja.org.gt\/mediateca\/wp-json\/wp\/v2\/types\/post"}],"author":[{"embeddable":true,"href":"https:\/\/redalforja.org.gt\/mediateca\/wp-json\/wp\/v2\/users\/3"}],"replies":[{"embeddable":true,"href":"https:\/\/redalforja.org.gt\/mediateca\/wp-json\/wp\/v2\/comments?post=1112"}],"version-history":[{"count":2,"href":"https:\/\/redalforja.org.gt\/mediateca\/wp-json\/wp\/v2\/posts\/1112\/revisions"}],"predecessor-version":[{"id":1405,"href":"https:\/\/redalforja.org.gt\/mediateca\/wp-json\/wp\/v2\/posts\/1112\/revisions\/1405"}],"wp:featuredmedia":[{"embeddable":true,"href":"https:\/\/redalforja.org.gt\/mediateca\/wp-json\/wp\/v2\/media\/855"}],"wp:attachment":[{"href":"https:\/\/redalforja.org.gt\/mediateca\/wp-json\/wp\/v2\/media?parent=1112"}],"wp:term":[{"taxonomy":"category","embeddable":true,"href":"https:\/\/redalforja.org.gt\/mediateca\/wp-json\/wp\/v2\/categories?post=1112"},{"taxonomy":"post_tag","embeddable":true,"href":"https:\/\/redalforja.org.gt\/mediateca\/wp-json\/wp\/v2\/tags?post=1112"}],"curies":[{"name":"wp","href":"https:\/\/api.w.org\/{rel}","templated":true}]}}