{"id":1109,"date":"2022-02-14T21:01:01","date_gmt":"2022-02-14T21:01:01","guid":{"rendered":"https:\/\/redalforja.org.gt\/mediateca\/?p=1109"},"modified":"2022-07-27T03:20:18","modified_gmt":"2022-07-27T03:20:18","slug":"la-concepcion-metodologica-dialectica-resumen","status":"publish","type":"post","link":"https:\/\/redalforja.org.gt\/mediateca\/2022\/02\/14\/la-concepcion-metodologica-dialectica-resumen\/","title":{"rendered":"La Concepci\u00f3n Metodol\u00f3gica Dial\u00e9ctica (resumen)"},"content":{"rendered":"\n<p><em>Resumen de los aportes de Carlos N\u00fa\u00f1ez y Oscar Jara<\/em><\/p>\n\n\n\n<p>La concepci\u00f3n Metodol\u00f3gica Dial\u00e9ctica (CMD) es una visi\u00f3n del mundo, una filosof\u00eda, que tiene una forma de explicar la existencia, la raz\u00f3n de ser de las cosas, tanto naturales como sociales. Contiene lo que se conoce como una concepci\u00f3n ontol\u00f3gica, ya que tiene que ver con la forma de ser y existir que tienen las cosas. <\/p>\n\n\n\n<p>La <em>Concepci\u00f3n metodol\u00f3gica dial\u00e9ctica<\/em>, es una manera de <strong>concebir la realidad<\/strong>, de aproximarse a ella para <strong>conocerla<\/strong> y de actuar sobre ella para <strong>transformarla<\/strong>. Es, por ello, una manera integral de pensar y de vivir: una filosof\u00eda.<\/p>\n\n\n\n<p><a href=\"https:\/\/drive.google.com\/file\/d\/1OaB9iL8YO015HFuRnHsp7B6rrEPH9v3n\/view?usp=sharing\">Bajar el PDF:<\/a><\/p>\n","protected":false},"excerpt":{"rendered":"<p>Resumen de los aportes de Carlos N\u00fa\u00f1ez y Oscar Jara La concepci\u00f3n Metodol\u00f3gica Dial\u00e9ctica (CMD) es una visi\u00f3n del mundo, una filosof\u00eda, que tiene una forma de explicar la existencia,&#8230; <a href=\"https:\/\/redalforja.org.gt\/mediateca\/2022\/02\/14\/la-concepcion-metodologica-dialectica-resumen\/\">Leer m\u00e1s &raquo;<\/a><\/p>\n","protected":false},"author":3,"featured_media":1104,"comment_status":"closed","ping_status":"closed","sticky":false,"template":"","format":"standard","meta":[],"categories":[8,13,6,25],"tags":[95,90,37],"post_mailing_queue_ids":[],"_links":{"self":[{"href":"https:\/\/redalforja.org.gt\/mediateca\/wp-json\/wp\/v2\/posts\/1109"}],"collection":[{"href":"https:\/\/redalforja.org.gt\/mediateca\/wp-json\/wp\/v2\/posts"}],"about":[{"href":"https:\/\/redalforja.org.gt\/mediateca\/wp-json\/wp\/v2\/types\/post"}],"author":[{"embeddable":true,"href":"https:\/\/redalforja.org.gt\/mediateca\/wp-json\/wp\/v2\/users\/3"}],"replies":[{"embeddable":true,"href":"https:\/\/redalforja.org.gt\/mediateca\/wp-json\/wp\/v2\/comments?post=1109"}],"version-history":[{"count":2,"href":"https:\/\/redalforja.org.gt\/mediateca\/wp-json\/wp\/v2\/posts\/1109\/revisions"}],"predecessor-version":[{"id":1406,"href":"https:\/\/redalforja.org.gt\/mediateca\/wp-json\/wp\/v2\/posts\/1109\/revisions\/1406"}],"wp:featuredmedia":[{"embeddable":true,"href":"https:\/\/redalforja.org.gt\/mediateca\/wp-json\/wp\/v2\/media\/1104"}],"wp:attachment":[{"href":"https:\/\/redalforja.org.gt\/mediateca\/wp-json\/wp\/v2\/media?parent=1109"}],"wp:term":[{"taxonomy":"category","embeddable":true,"href":"https:\/\/redalforja.org.gt\/mediateca\/wp-json\/wp\/v2\/categories?post=1109"},{"taxonomy":"post_tag","embeddable":true,"href":"https:\/\/redalforja.org.gt\/mediateca\/wp-json\/wp\/v2\/tags?post=1109"}],"curies":[{"name":"wp","href":"https:\/\/api.w.org\/{rel}","templated":true}]}}