{"id":1106,"date":"2022-02-14T20:41:40","date_gmt":"2022-02-14T20:41:40","guid":{"rendered":"https:\/\/redalforja.org.gt\/mediateca\/?p=1106"},"modified":"2022-07-27T03:21:55","modified_gmt":"2022-07-27T03:21:55","slug":"guia-para-hacer-analisis-de-coyuntura","status":"publish","type":"post","link":"https:\/\/redalforja.org.gt\/mediateca\/2022\/02\/14\/guia-para-hacer-analisis-de-coyuntura\/","title":{"rendered":"Gu\u00eda para hacer an\u00e1lisis de coyuntura"},"content":{"rendered":"\n<p>CEAAL<\/p>\n\n\n\n<p>En momentos donde las realidades contextuales latinoamericanas son cada vez m\u00e1s complejas y cambiantes, es evidente que no es suficiente la lectura cotidiana de los diarios o la informaci\u00f3n que cuenta la radio y la televisi\u00f3n. Se hace necesario contar con una versi\u00f3n mucho m\u00e1s profunda y amplia de los hechos y acontecimientos que envuelven nuestras regiones. Para ello es indispensable contar con una herramienta metodol\u00f3gica que oriente el rumbo, para que cuando nos dispongamos a escudri\u00f1ar ese entramado social, lo hagamos de manera ordenada y con objetivos claros de \u201cqu\u00e9\u201d y \u201cpor qu\u00e9\u201d vamos analizar, tal o cual situaci\u00f3n. <\/p>\n\n\n\n<p><a href=\"https:\/\/drive.google.com\/file\/d\/1Qi3LJz4xO9QIonS-H_P8ZbfaZ999QpNl\/view?usp=sharing\">Puede descargar el PDF en el siguiente enlace:<\/a><\/p>\n","protected":false},"excerpt":{"rendered":"<p>CEAAL En momentos donde las realidades contextuales latinoamericanas son cada vez m\u00e1s complejas y cambiantes, es evidente que no es suficiente la lectura cotidiana de los diarios o la informaci\u00f3n&#8230; <a href=\"https:\/\/redalforja.org.gt\/mediateca\/2022\/02\/14\/guia-para-hacer-analisis-de-coyuntura\/\">Leer m\u00e1s &raquo;<\/a><\/p>\n","protected":false},"author":3,"featured_media":398,"comment_status":"closed","ping_status":"closed","sticky":false,"template":"","format":"standard","meta":[],"categories":[11,15,18],"tags":[45,49,38],"post_mailing_queue_ids":[],"_links":{"self":[{"href":"https:\/\/redalforja.org.gt\/mediateca\/wp-json\/wp\/v2\/posts\/1106"}],"collection":[{"href":"https:\/\/redalforja.org.gt\/mediateca\/wp-json\/wp\/v2\/posts"}],"about":[{"href":"https:\/\/redalforja.org.gt\/mediateca\/wp-json\/wp\/v2\/types\/post"}],"author":[{"embeddable":true,"href":"https:\/\/redalforja.org.gt\/mediateca\/wp-json\/wp\/v2\/users\/3"}],"replies":[{"embeddable":true,"href":"https:\/\/redalforja.org.gt\/mediateca\/wp-json\/wp\/v2\/comments?post=1106"}],"version-history":[{"count":2,"href":"https:\/\/redalforja.org.gt\/mediateca\/wp-json\/wp\/v2\/posts\/1106\/revisions"}],"predecessor-version":[{"id":1407,"href":"https:\/\/redalforja.org.gt\/mediateca\/wp-json\/wp\/v2\/posts\/1106\/revisions\/1407"}],"wp:featuredmedia":[{"embeddable":true,"href":"https:\/\/redalforja.org.gt\/mediateca\/wp-json\/wp\/v2\/media\/398"}],"wp:attachment":[{"href":"https:\/\/redalforja.org.gt\/mediateca\/wp-json\/wp\/v2\/media?parent=1106"}],"wp:term":[{"taxonomy":"category","embeddable":true,"href":"https:\/\/redalforja.org.gt\/mediateca\/wp-json\/wp\/v2\/categories?post=1106"},{"taxonomy":"post_tag","embeddable":true,"href":"https:\/\/redalforja.org.gt\/mediateca\/wp-json\/wp\/v2\/tags?post=1106"}],"curies":[{"name":"wp","href":"https:\/\/api.w.org\/{rel}","templated":true}]}}