{"id":1,"date":"2019-08-23T18:12:13","date_gmt":"2019-08-23T18:12:13","guid":{"rendered":"https:\/\/redalforja.org.gt\/FormacionPolitica\/?p=1"},"modified":"2019-08-26T23:48:10","modified_gmt":"2019-08-26T23:48:10","slug":"hello-world","status":"publish","type":"post","link":"https:\/\/redalforja.org.gt\/FormacionPolitica\/2019\/08\/23\/hello-world\/","title":{"rendered":"Formaci\u00f3n Pol\u00edtica"},"content":{"rendered":"\n<p>Bienvenidxs a este espacio de la Red Alforja d\u00f3nde se colocar\u00e1n diversos materiales que aporten a la formaci\u00f3n de las personas que nos visitan.<\/p>\n\n\n\n<p>En el men\u00fa superior encontrar\u00e1s diversas categor\u00edas, y en cada una de estas iremos colocando los materiales por a\u00f1o que de ellas emanen<\/p>\n\n\n\n<p>Esperamos te sean de utilidad. <\/p>\n\n\n\n<p>Saludo Fraterno RED ALFORJA<\/p>\n","protected":false},"excerpt":{"rendered":"<p>Bienvenidxs a este espacio de la Red Alforja d\u00f3nde se colocar\u00e1n diversos materiales que aporten a la formaci\u00f3n de las personas que nos visitan. En el men\u00fa superior encontrar\u00e1s diversas categor\u00edas, y en cada una de estas iremos colocando los materiales por a\u00f1o que de ellas emanen Esperamos te sean de utilidad. Saludo Fraterno RED &hellip; <a href=\"https:\/\/redalforja.org.gt\/FormacionPolitica\/2019\/08\/23\/hello-world\/\" class=\"more-link\">Seguir leyendo <span class=\"screen-reader-text\">Formaci\u00f3n Pol\u00edtica<\/span> <span class=\"meta-nav\">&rarr;<\/span><\/a><\/p>\n","protected":false},"author":1,"featured_media":65,"comment_status":"open","ping_status":"closed","sticky":false,"template":"","format":"standard","meta":[],"categories":[6],"tags":[7,8],"_links":{"self":[{"href":"https:\/\/redalforja.org.gt\/FormacionPolitica\/wp-json\/wp\/v2\/posts\/1"}],"collection":[{"href":"https:\/\/redalforja.org.gt\/FormacionPolitica\/wp-json\/wp\/v2\/posts"}],"about":[{"href":"https:\/\/redalforja.org.gt\/FormacionPolitica\/wp-json\/wp\/v2\/types\/post"}],"author":[{"embeddable":true,"href":"https:\/\/redalforja.org.gt\/FormacionPolitica\/wp-json\/wp\/v2\/users\/1"}],"replies":[{"embeddable":true,"href":"https:\/\/redalforja.org.gt\/FormacionPolitica\/wp-json\/wp\/v2\/comments?post=1"}],"version-history":[{"count":3,"href":"https:\/\/redalforja.org.gt\/FormacionPolitica\/wp-json\/wp\/v2\/posts\/1\/revisions"}],"predecessor-version":[{"id":67,"href":"https:\/\/redalforja.org.gt\/FormacionPolitica\/wp-json\/wp\/v2\/posts\/1\/revisions\/67"}],"wp:featuredmedia":[{"embeddable":true,"href":"https:\/\/redalforja.org.gt\/FormacionPolitica\/wp-json\/wp\/v2\/media\/65"}],"wp:attachment":[{"href":"https:\/\/redalforja.org.gt\/FormacionPolitica\/wp-json\/wp\/v2\/media?parent=1"}],"wp:term":[{"taxonomy":"category","embeddable":true,"href":"https:\/\/redalforja.org.gt\/FormacionPolitica\/wp-json\/wp\/v2\/categories?post=1"},{"taxonomy":"post_tag","embeddable":true,"href":"https:\/\/redalforja.org.gt\/FormacionPolitica\/wp-json\/wp\/v2\/tags?post=1"}],"curies":[{"name":"wp","href":"https:\/\/api.w.org\/{rel}","templated":true}]}}